{"id":9078,"date":"2018-06-15T10:39:56","date_gmt":"2018-06-15T07:39:56","guid":{"rendered":"https:\/\/kvarken.org\/uusi-matkailuhanke-merenkurkun-alueella-yhdessa-yhteistyon-vahvistamiseksi-ja-lisaamiseksi\/"},"modified":"2022-08-04T08:29:38","modified_gmt":"2022-08-04T05:29:38","slug":"uusi-matkailuhanke-merenkurkun-alueella-yhdessa-yhteistyon-vahvistamiseksi-ja-lisaamiseksi","status":"publish","type":"post","link":"https:\/\/www.kvarken.org\/fi\/uusi-matkailuhanke-merenkurkun-alueella-yhdessa-yhteistyon-vahvistamiseksi-ja-lisaamiseksi\/","title":{"rendered":"Uusi matkailuhanke Merenkurkun alueella \u2013 Yhdess\u00e4 yhteisty\u00f6n vahvistamiseksi ja lis\u00e4\u00e4miseksi"},"content":{"rendered":"<p><em>Elokuusta 2018 l\u00e4htien Merenkurkun neuvosto hallinnoi yhdess\u00e4 nelj\u00e4n muun hankekumppanin kanssa viidentoista organisaation rahoittamaa kolmevuotista hanketta. Rajat ylitt\u00e4v\u00e4n yhteisty\u00f6n tavoitteena on saada Merenkurkun alueelle lis\u00e4\u00e4 n\u00e4kyvyytt\u00e4 ja houkutella lis\u00e4\u00e4 k\u00e4vij\u00f6it\u00e4. T\u00e4m\u00e4 Destination Kvarken -hanke on saanut EU-rahoitusta Interreg Botnia-Atlantican kautta.<\/em><\/p>\n<p><img decoding=\"async\" class=\"size-medium wp-image-7739 alignnone\" src=\"https:\/\/www.kvarken.org\/wp-content\/uploads\/2021\/02\/1_resizedimage336481-Marianne-Sjostrom-Foto-Anna-Sand-210x300.jpg\" alt=\"\" width=\"210\" height=\"300\" \/><\/p>\n<p>&#8211; Hankkeen avulla lis\u00e4\u00e4mme ja vahvistamme alueen pienten ja keskisuurten matkailuyritysten yhteisty\u00f6t\u00e4, jotta voisimme seudullamme tarjota ainutlaatuisia rajat ylitt\u00e4vi\u00e4 matkailutuotepaketteja. Konkreettisia toimenpiteit\u00e4 ovat mm. ett\u00e4 n\u00e4m\u00e4 seudun vientikyps\u00e4t yritykset tekev\u00e4t yhteist\u00e4 tuotekehittely\u00e4 yhdess\u00e4 alueellisten matkailuorganisaatioiden kanssa. Hankkeen avulla tuotepaketteja markkinoidaan laajemmalle yleis\u00f6lle sek\u00e4 kansallisilla ett\u00e4 kansainv\u00e4lisill\u00e4 messuilla, ty\u00f6pajoissa ja my\u00f6s digitaalisesti, kertoo Merenkurkun neuvoston hankejohtaja\u00a0<strong>Marianne Sj\u00f6str\u00f6m<\/strong>.<\/p>\n<p>Hankkeen p\u00e4\u00e4asiallisena tavoitteena on yhteisen ja tehokkaamman markkinointity\u00f6n avulla lis\u00e4t\u00e4 niiden kotimaisten ja ulkomaisten matkanj\u00e4rjest\u00e4jien m\u00e4\u00e4r\u00e4\u00e4, jotka sis\u00e4llytt\u00e4v\u00e4t alueen ohjelmatarjontaansa. Lis\u00e4ksi pyrit\u00e4\u00e4n her\u00e4tt\u00e4m\u00e4\u00e4n median kiinnostus matkakohteita kohtaan n\u00e4kyvyyden lis\u00e4\u00e4miseksi sek\u00e4 matkanj\u00e4rjest\u00e4jien ett\u00e4 priorisoitujen markkinoiden loppuasiakkaiden tavoittamiseksi. Kest\u00e4v\u00e4 matkailu ja tasa-arvoisuus ovat hankkeessa t\u00e4rkeit\u00e4 arvoja.<br \/>\nDestination Kvarken -hanke pyrkii lis\u00e4\u00e4m\u00e4\u00e4n valittujen matkakohteiden k\u00e4vij\u00e4m\u00e4\u00e4ri\u00e4 seuraavien matkailuyhti\u00f6iden toimialueella: Visit Vaasa, Visit Ume\u00e5, H\u00f6ga Kusten Destinationsutveckling, Etel\u00e4-Pohjanmaan Matkailu, Visit Kokkola, Visit Pietarsaaren Seutu sek\u00e4 Visit Kristiinankaupunki.<\/p>\n<p>&#8211; Aikaisemmassa rajat ylitt\u00e4v\u00e4ss\u00e4 hankkeessa on k\u00e4ynyt ilmi, ett\u00e4 isompi alue, joka sis\u00e4lt\u00e4\u00e4 matkan kahteen eri maahan tekee matkakohteesta houkuttelevamman sek\u00e4 matkanj\u00e4rjest\u00e4jille ett\u00e4 loppuasiakkaalle. Destination Kvarkenissa hy\u00f6dyn\u00e4mme n\u00e4it\u00e4 oppeja, Sj\u00f6str\u00f6m jatkaa.<\/p>\n<p><img decoding=\"async\" class=\"size-medium wp-image-7736 alignnone\" src=\"https:\/\/www.kvarken.org\/wp-content\/uploads\/2021\/02\/resizedimage351494-Mathias-Lindstrom-Foto-Anna-Sand-213x300.jpg\" alt=\"\" width=\"213\" height=\"300\" \/><\/p>\n<p>&#8211; Liikenneyhteydet ja erityisesti Merekurkun laivayhteys Wasaline antaa sek\u00e4 kansallista ett\u00e4 kansainv\u00e4list\u00e4 kilpailuetua. Merenkurkun alueelta l\u00f6ytyy hy\u00f6dynt\u00e4m\u00e4t\u00f6nt\u00e4 potentiaalia; matkanj\u00e4rjest\u00e4j\u00e4t n\u00e4kev\u00e4t alueemme erityisen kiinnostavana, koska pitk\u00e4n matkan p\u00e4\u00e4st\u00e4 matkustavat haluavat mielell\u00e4\u00e4n kokea kaksi maata k\u00e4ydess\u00e4\u00e4n Pohjoismaissa, Merenkurkun neuvoston johtaja\u00a0<strong>Mathias Lindstr\u00f6m<\/strong>, lis\u00e4\u00e4.<\/p>\n<p>Hanke edist\u00e4\u00e4 kasvua, ei vain kansainv\u00e4listymisen kautta, vaan keskittym\u00e4ll\u00e4 my\u00f6s digitalisaatioon ja alueen matkailualan tutkimukseen ja kehitykseen kilpailukyvyn parantamiseksi. T\u00e4m\u00e4 on mahdollista Hanken Svenska handelsh\u00f6gskolanin hankekumppanuuden my\u00f6t\u00e4.<\/p>\n<p><strong>Yhdess\u00e4 lis\u00e4\u00e4 n\u00e4kyvyytt\u00e4 ja enemm\u00e4n k\u00e4vij\u00f6it\u00e4 Merenkurkun alueelle uuden rajatylitt\u00e4v\u00e4n Botnia-Atlantican rahoittaman yhteisty\u00f6hankkeen avulla<\/strong><\/p>\n<p>Kuvat: Anna Sand<\/p>\n<p><strong>Lis\u00e4tietoja<\/strong>:<br \/>\nMarianne Sj\u00f6str\u00f6m, hankejohtaja Merenkurkun neuvosto, +358 40 678 8375<br \/>\nMathias Lindstr\u00f6m, johtaja Merenkurkun neuvosto, +358 50 918 6462<\/p>\n<p><strong>Destination Kvarken<\/strong><br \/>\n<strong>Hankeaika<\/strong>: 1.8.2018 \u2013 31.7.2021<br \/>\n<strong>Hankekumppanit<\/strong>:\u00a0Merenkurkun neuvosto (Lead Part) | Vaasanseudun Kehitys Oy VASEK | Hanken Svenska handelsh\u00f6gskolan | Uumajan kunta | H\u00f6ga Kusten Destinationsutveckling AB<br \/>\n<strong>Rahoittajat<\/strong>:\u00a0Interreg Botnia-Atlantica | Merenkurkun neuvosto (FI) | Vaasanseudun Kehitys Oy VASEK (FI) | Hanken Svenska handelsh\u00f6gskolan (FI) | Uumajan kunta (SE) | H\u00f6ga Kusten Destinationsutveckling AB (SE) | Pohjanmaan liitto (FI) | Region V\u00e4sterbotten (SE) | Region V\u00e4sternorrland (SE) | V\u00e4sternorrlandin l\u00e4\u00e4ninhallitus (SE) | Vaasan kaupunki\/Visit Vaasa (FI) | Etel\u00e4-Pohjanmaan Matkailu (Sein\u00e4joki) (FI) | Kokkolan Matkailu Oy (FI) | Oy Pietarsaaren seudun Kehitt\u00e4misyhti\u00f6 Concordia (FI) | Kristiinankaupungin Elinkeinokeskus (FI) | NLC Ferry (FI)<\/p>\n<p><img decoding=\"async\" class=\"alignleft size-medium wp-image-7529\" src=\"https:\/\/www.kvarken.org\/wp-content\/uploads\/2021\/02\/resizedimage34998-Intrerreg-BA-ENG-RGB2-300x84.png\" alt=\"\" width=\"300\" height=\"84\" \/><\/p>\n","protected":false},"excerpt":{"rendered":"<p>Elokuusta 2018 l\u00e4htien Merenkurkun neuvosto hallinnoi yhdess\u00e4 nelj\u00e4n muun hankekumppanin kanssa viidentoista organisaation rahoittamaa kolmevuotista hanketta.<\/p>\n","protected":false},"author":2,"featured_media":2011,"comment_status":"open","ping_status":"open","sticky":false,"template":"","format":"standard","meta":{"_acf_changed":false,"_et_pb_use_builder":"","_et_pb_old_content":"","_et_gb_content_width":"","footnotes":""},"categories":[13],"tags":[],"amnen":[34,60,58],"class_list":["post-9078","post","type-post","status-publish","format-standard","has-post-thumbnail","hentry","category-uncategorized-fi","amnen-liiketoiminta","amnen-maailmanperinto","amnen-matkailu"],"acf":[],"yoast_head":"<!-- This site is optimized with the Yoast SEO plugin v27.4 - https:\/\/yoast.com\/product\/yoast-seo-wordpress\/ -->\n<title>Uusi matkailuhanke Merenkurkun alueella \u2013 Yhdess\u00e4 yhteisty\u00f6n vahvistamiseksi ja lis\u00e4\u00e4miseksi - Kvarkenr\u00e5det<\/title>\n<meta name=\"robots\" content=\"index, follow, max-snippet:-1, max-image-preview:large, max-video-preview:-1\" \/>\n<link rel=\"canonical\" href=\"https:\/\/www.kvarken.org\/fi\/uusi-matkailuhanke-merenkurkun-alueella-yhdessa-yhteistyon-vahvistamiseksi-ja-lisaamiseksi\/\" \/>\n<meta property=\"og:locale\" content=\"fi_FI\" \/>\n<meta property=\"og:type\" content=\"article\" \/>\n<meta property=\"og:title\" content=\"Uusi matkailuhanke Merenkurkun alueella \u2013 Yhdess\u00e4 yhteisty\u00f6n vahvistamiseksi ja lis\u00e4\u00e4miseksi - Kvarkenr\u00e5det\" \/>\n<meta property=\"og:description\" content=\"Elokuusta 2018 l\u00e4htien Merenkurkun neuvosto hallinnoi yhdess\u00e4 nelj\u00e4n muun hankekumppanin kanssa viidentoista organisaation rahoittamaa kolmevuotista hanketta.\" \/>\n<meta property=\"og:url\" content=\"https:\/\/www.kvarken.org\/fi\/uusi-matkailuhanke-merenkurkun-alueella-yhdessa-yhteistyon-vahvistamiseksi-ja-lisaamiseksi\/\" \/>\n<meta property=\"og:site_name\" content=\"Kvarkenr\u00e5det\" \/>\n<meta property=\"article:published_time\" content=\"2018-06-15T07:39:56+00:00\" \/>\n<meta property=\"article:modified_time\" content=\"2022-08-04T05:29:38+00:00\" \/>\n<meta property=\"og:image\" content=\"https:\/\/www.kvarken.org\/wp-content\/uploads\/2020\/12\/resizedimage600399-Kvarken-Destinations-257-1-980x653-2.jpg\" \/>\n\t<meta property=\"og:image:width\" content=\"600\" \/>\n\t<meta property=\"og:image:height\" content=\"399\" \/>\n\t<meta property=\"og:image:type\" content=\"image\/jpeg\" \/>\n<meta name=\"author\" content=\"jokommunikation_agency\" \/>\n<meta name=\"twitter:card\" content=\"summary_large_image\" \/>\n<meta name=\"twitter:label1\" content=\"Kirjoittanut\" \/>\n\t<meta name=\"twitter:data1\" content=\"jokommunikation_agency\" \/>\n\t<meta name=\"twitter:label2\" content=\"Arvioitu lukuaika\" \/>\n\t<meta name=\"twitter:data2\" content=\"3 minuuttia\" \/>\n<script type=\"application\/ld+json\" class=\"yoast-schema-graph\">{\"@context\":\"https:\\\/\\\/schema.org\",\"@graph\":[{\"@type\":\"Article\",\"@id\":\"https:\\\/\\\/www.kvarken.org\\\/fi\\\/uusi-matkailuhanke-merenkurkun-alueella-yhdessa-yhteistyon-vahvistamiseksi-ja-lisaamiseksi\\\/#article\",\"isPartOf\":{\"@id\":\"https:\\\/\\\/www.kvarken.org\\\/fi\\\/uusi-matkailuhanke-merenkurkun-alueella-yhdessa-yhteistyon-vahvistamiseksi-ja-lisaamiseksi\\\/\"},\"author\":{\"name\":\"jokommunikation_agency\",\"@id\":\"https:\\\/\\\/www.kvarken.org\\\/fi\\\/#\\\/schema\\\/person\\\/c0191caa861afff47bc50292a6905da2\"},\"headline\":\"Uusi matkailuhanke Merenkurkun alueella \u2013 Yhdess\u00e4 yhteisty\u00f6n vahvistamiseksi ja lis\u00e4\u00e4miseksi\",\"datePublished\":\"2018-06-15T07:39:56+00:00\",\"dateModified\":\"2022-08-04T05:29:38+00:00\",\"mainEntityOfPage\":{\"@id\":\"https:\\\/\\\/www.kvarken.org\\\/fi\\\/uusi-matkailuhanke-merenkurkun-alueella-yhdessa-yhteistyon-vahvistamiseksi-ja-lisaamiseksi\\\/\"},\"wordCount\":492,\"commentCount\":0,\"image\":{\"@id\":\"https:\\\/\\\/www.kvarken.org\\\/fi\\\/uusi-matkailuhanke-merenkurkun-alueella-yhdessa-yhteistyon-vahvistamiseksi-ja-lisaamiseksi\\\/#primaryimage\"},\"thumbnailUrl\":\"https:\\\/\\\/www.kvarken.org\\\/wp-content\\\/uploads\\\/2020\\\/12\\\/resizedimage600399-Kvarken-Destinations-257-1-980x653-2.jpg\",\"articleSection\":[\"Uncategorized @fi\"],\"inLanguage\":\"fi\",\"potentialAction\":[{\"@type\":\"CommentAction\",\"name\":\"Comment\",\"target\":[\"https:\\\/\\\/www.kvarken.org\\\/fi\\\/uusi-matkailuhanke-merenkurkun-alueella-yhdessa-yhteistyon-vahvistamiseksi-ja-lisaamiseksi\\\/#respond\"]}]},{\"@type\":\"WebPage\",\"@id\":\"https:\\\/\\\/www.kvarken.org\\\/fi\\\/uusi-matkailuhanke-merenkurkun-alueella-yhdessa-yhteistyon-vahvistamiseksi-ja-lisaamiseksi\\\/\",\"url\":\"https:\\\/\\\/www.kvarken.org\\\/fi\\\/uusi-matkailuhanke-merenkurkun-alueella-yhdessa-yhteistyon-vahvistamiseksi-ja-lisaamiseksi\\\/\",\"name\":\"Uusi matkailuhanke Merenkurkun alueella \u2013 Yhdess\u00e4 yhteisty\u00f6n vahvistamiseksi ja lis\u00e4\u00e4miseksi - Kvarkenr\u00e5det\",\"isPartOf\":{\"@id\":\"https:\\\/\\\/www.kvarken.org\\\/fi\\\/#website\"},\"primaryImageOfPage\":{\"@id\":\"https:\\\/\\\/www.kvarken.org\\\/fi\\\/uusi-matkailuhanke-merenkurkun-alueella-yhdessa-yhteistyon-vahvistamiseksi-ja-lisaamiseksi\\\/#primaryimage\"},\"image\":{\"@id\":\"https:\\\/\\\/www.kvarken.org\\\/fi\\\/uusi-matkailuhanke-merenkurkun-alueella-yhdessa-yhteistyon-vahvistamiseksi-ja-lisaamiseksi\\\/#primaryimage\"},\"thumbnailUrl\":\"https:\\\/\\\/www.kvarken.org\\\/wp-content\\\/uploads\\\/2020\\\/12\\\/resizedimage600399-Kvarken-Destinations-257-1-980x653-2.jpg\",\"datePublished\":\"2018-06-15T07:39:56+00:00\",\"dateModified\":\"2022-08-04T05:29:38+00:00\",\"author\":{\"@id\":\"https:\\\/\\\/www.kvarken.org\\\/fi\\\/#\\\/schema\\\/person\\\/c0191caa861afff47bc50292a6905da2\"},\"breadcrumb\":{\"@id\":\"https:\\\/\\\/www.kvarken.org\\\/fi\\\/uusi-matkailuhanke-merenkurkun-alueella-yhdessa-yhteistyon-vahvistamiseksi-ja-lisaamiseksi\\\/#breadcrumb\"},\"inLanguage\":\"fi\",\"potentialAction\":[{\"@type\":\"ReadAction\",\"target\":[\"https:\\\/\\\/www.kvarken.org\\\/fi\\\/uusi-matkailuhanke-merenkurkun-alueella-yhdessa-yhteistyon-vahvistamiseksi-ja-lisaamiseksi\\\/\"]}]},{\"@type\":\"ImageObject\",\"inLanguage\":\"fi\",\"@id\":\"https:\\\/\\\/www.kvarken.org\\\/fi\\\/uusi-matkailuhanke-merenkurkun-alueella-yhdessa-yhteistyon-vahvistamiseksi-ja-lisaamiseksi\\\/#primaryimage\",\"url\":\"https:\\\/\\\/www.kvarken.org\\\/wp-content\\\/uploads\\\/2020\\\/12\\\/resizedimage600399-Kvarken-Destinations-257-1-980x653-2.jpg\",\"contentUrl\":\"https:\\\/\\\/www.kvarken.org\\\/wp-content\\\/uploads\\\/2020\\\/12\\\/resizedimage600399-Kvarken-Destinations-257-1-980x653-2.jpg\",\"width\":600,\"height\":399},{\"@type\":\"BreadcrumbList\",\"@id\":\"https:\\\/\\\/www.kvarken.org\\\/fi\\\/uusi-matkailuhanke-merenkurkun-alueella-yhdessa-yhteistyon-vahvistamiseksi-ja-lisaamiseksi\\\/#breadcrumb\",\"itemListElement\":[{\"@type\":\"ListItem\",\"position\":1,\"name\":\"Hem\",\"item\":\"https:\\\/\\\/www.kvarken.org\\\/fi\\\/\"},{\"@type\":\"ListItem\",\"position\":2,\"name\":\"Uusi matkailuhanke Merenkurkun alueella \u2013 Yhdess\u00e4 yhteisty\u00f6n vahvistamiseksi ja lis\u00e4\u00e4miseksi\"}]},{\"@type\":\"WebSite\",\"@id\":\"https:\\\/\\\/www.kvarken.org\\\/fi\\\/#website\",\"url\":\"https:\\\/\\\/www.kvarken.org\\\/fi\\\/\",\"name\":\"Kvarkenr\u00e5det\",\"description\":\"\",\"potentialAction\":[{\"@type\":\"SearchAction\",\"target\":{\"@type\":\"EntryPoint\",\"urlTemplate\":\"https:\\\/\\\/www.kvarken.org\\\/fi\\\/?s={search_term_string}\"},\"query-input\":{\"@type\":\"PropertyValueSpecification\",\"valueRequired\":true,\"valueName\":\"search_term_string\"}}],\"inLanguage\":\"fi\"},{\"@type\":\"Person\",\"@id\":\"https:\\\/\\\/www.kvarken.org\\\/fi\\\/#\\\/schema\\\/person\\\/c0191caa861afff47bc50292a6905da2\",\"name\":\"jokommunikation_agency\",\"image\":{\"@type\":\"ImageObject\",\"inLanguage\":\"fi\",\"@id\":\"https:\\\/\\\/secure.gravatar.com\\\/avatar\\\/747179557db7fa831269f4829d55b0109a7684b8dd784a3f8f606bce8610f828?s=96&d=mm&r=g\",\"url\":\"https:\\\/\\\/secure.gravatar.com\\\/avatar\\\/747179557db7fa831269f4829d55b0109a7684b8dd784a3f8f606bce8610f828?s=96&d=mm&r=g\",\"contentUrl\":\"https:\\\/\\\/secure.gravatar.com\\\/avatar\\\/747179557db7fa831269f4829d55b0109a7684b8dd784a3f8f606bce8610f828?s=96&d=mm&r=g\",\"caption\":\"jokommunikation_agency\"}}]}<\/script>\n<!-- \/ Yoast SEO plugin. -->","yoast_head_json":{"title":"Uusi matkailuhanke Merenkurkun alueella \u2013 Yhdess\u00e4 yhteisty\u00f6n vahvistamiseksi ja lis\u00e4\u00e4miseksi - Kvarkenr\u00e5det","robots":{"index":"index","follow":"follow","max-snippet":"max-snippet:-1","max-image-preview":"max-image-preview:large","max-video-preview":"max-video-preview:-1"},"canonical":"https:\/\/www.kvarken.org\/fi\/uusi-matkailuhanke-merenkurkun-alueella-yhdessa-yhteistyon-vahvistamiseksi-ja-lisaamiseksi\/","og_locale":"fi_FI","og_type":"article","og_title":"Uusi matkailuhanke Merenkurkun alueella \u2013 Yhdess\u00e4 yhteisty\u00f6n vahvistamiseksi ja lis\u00e4\u00e4miseksi - Kvarkenr\u00e5det","og_description":"Elokuusta 2018 l\u00e4htien Merenkurkun neuvosto hallinnoi yhdess\u00e4 nelj\u00e4n muun hankekumppanin kanssa viidentoista organisaation rahoittamaa kolmevuotista hanketta.","og_url":"https:\/\/www.kvarken.org\/fi\/uusi-matkailuhanke-merenkurkun-alueella-yhdessa-yhteistyon-vahvistamiseksi-ja-lisaamiseksi\/","og_site_name":"Kvarkenr\u00e5det","article_published_time":"2018-06-15T07:39:56+00:00","article_modified_time":"2022-08-04T05:29:38+00:00","og_image":[{"width":600,"height":399,"url":"https:\/\/www.kvarken.org\/wp-content\/uploads\/2020\/12\/resizedimage600399-Kvarken-Destinations-257-1-980x653-2.jpg","type":"image\/jpeg"}],"author":"jokommunikation_agency","twitter_card":"summary_large_image","twitter_misc":{"Kirjoittanut":"jokommunikation_agency","Arvioitu lukuaika":"3 minuuttia"},"schema":{"@context":"https:\/\/schema.org","@graph":[{"@type":"Article","@id":"https:\/\/www.kvarken.org\/fi\/uusi-matkailuhanke-merenkurkun-alueella-yhdessa-yhteistyon-vahvistamiseksi-ja-lisaamiseksi\/#article","isPartOf":{"@id":"https:\/\/www.kvarken.org\/fi\/uusi-matkailuhanke-merenkurkun-alueella-yhdessa-yhteistyon-vahvistamiseksi-ja-lisaamiseksi\/"},"author":{"name":"jokommunikation_agency","@id":"https:\/\/www.kvarken.org\/fi\/#\/schema\/person\/c0191caa861afff47bc50292a6905da2"},"headline":"Uusi matkailuhanke Merenkurkun alueella \u2013 Yhdess\u00e4 yhteisty\u00f6n vahvistamiseksi ja lis\u00e4\u00e4miseksi","datePublished":"2018-06-15T07:39:56+00:00","dateModified":"2022-08-04T05:29:38+00:00","mainEntityOfPage":{"@id":"https:\/\/www.kvarken.org\/fi\/uusi-matkailuhanke-merenkurkun-alueella-yhdessa-yhteistyon-vahvistamiseksi-ja-lisaamiseksi\/"},"wordCount":492,"commentCount":0,"image":{"@id":"https:\/\/www.kvarken.org\/fi\/uusi-matkailuhanke-merenkurkun-alueella-yhdessa-yhteistyon-vahvistamiseksi-ja-lisaamiseksi\/#primaryimage"},"thumbnailUrl":"https:\/\/www.kvarken.org\/wp-content\/uploads\/2020\/12\/resizedimage600399-Kvarken-Destinations-257-1-980x653-2.jpg","articleSection":["Uncategorized @fi"],"inLanguage":"fi","potentialAction":[{"@type":"CommentAction","name":"Comment","target":["https:\/\/www.kvarken.org\/fi\/uusi-matkailuhanke-merenkurkun-alueella-yhdessa-yhteistyon-vahvistamiseksi-ja-lisaamiseksi\/#respond"]}]},{"@type":"WebPage","@id":"https:\/\/www.kvarken.org\/fi\/uusi-matkailuhanke-merenkurkun-alueella-yhdessa-yhteistyon-vahvistamiseksi-ja-lisaamiseksi\/","url":"https:\/\/www.kvarken.org\/fi\/uusi-matkailuhanke-merenkurkun-alueella-yhdessa-yhteistyon-vahvistamiseksi-ja-lisaamiseksi\/","name":"Uusi matkailuhanke Merenkurkun alueella \u2013 Yhdess\u00e4 yhteisty\u00f6n vahvistamiseksi ja lis\u00e4\u00e4miseksi - Kvarkenr\u00e5det","isPartOf":{"@id":"https:\/\/www.kvarken.org\/fi\/#website"},"primaryImageOfPage":{"@id":"https:\/\/www.kvarken.org\/fi\/uusi-matkailuhanke-merenkurkun-alueella-yhdessa-yhteistyon-vahvistamiseksi-ja-lisaamiseksi\/#primaryimage"},"image":{"@id":"https:\/\/www.kvarken.org\/fi\/uusi-matkailuhanke-merenkurkun-alueella-yhdessa-yhteistyon-vahvistamiseksi-ja-lisaamiseksi\/#primaryimage"},"thumbnailUrl":"https:\/\/www.kvarken.org\/wp-content\/uploads\/2020\/12\/resizedimage600399-Kvarken-Destinations-257-1-980x653-2.jpg","datePublished":"2018-06-15T07:39:56+00:00","dateModified":"2022-08-04T05:29:38+00:00","author":{"@id":"https:\/\/www.kvarken.org\/fi\/#\/schema\/person\/c0191caa861afff47bc50292a6905da2"},"breadcrumb":{"@id":"https:\/\/www.kvarken.org\/fi\/uusi-matkailuhanke-merenkurkun-alueella-yhdessa-yhteistyon-vahvistamiseksi-ja-lisaamiseksi\/#breadcrumb"},"inLanguage":"fi","potentialAction":[{"@type":"ReadAction","target":["https:\/\/www.kvarken.org\/fi\/uusi-matkailuhanke-merenkurkun-alueella-yhdessa-yhteistyon-vahvistamiseksi-ja-lisaamiseksi\/"]}]},{"@type":"ImageObject","inLanguage":"fi","@id":"https:\/\/www.kvarken.org\/fi\/uusi-matkailuhanke-merenkurkun-alueella-yhdessa-yhteistyon-vahvistamiseksi-ja-lisaamiseksi\/#primaryimage","url":"https:\/\/www.kvarken.org\/wp-content\/uploads\/2020\/12\/resizedimage600399-Kvarken-Destinations-257-1-980x653-2.jpg","contentUrl":"https:\/\/www.kvarken.org\/wp-content\/uploads\/2020\/12\/resizedimage600399-Kvarken-Destinations-257-1-980x653-2.jpg","width":600,"height":399},{"@type":"BreadcrumbList","@id":"https:\/\/www.kvarken.org\/fi\/uusi-matkailuhanke-merenkurkun-alueella-yhdessa-yhteistyon-vahvistamiseksi-ja-lisaamiseksi\/#breadcrumb","itemListElement":[{"@type":"ListItem","position":1,"name":"Hem","item":"https:\/\/www.kvarken.org\/fi\/"},{"@type":"ListItem","position":2,"name":"Uusi matkailuhanke Merenkurkun alueella \u2013 Yhdess\u00e4 yhteisty\u00f6n vahvistamiseksi ja lis\u00e4\u00e4miseksi"}]},{"@type":"WebSite","@id":"https:\/\/www.kvarken.org\/fi\/#website","url":"https:\/\/www.kvarken.org\/fi\/","name":"Kvarkenr\u00e5det","description":"","potentialAction":[{"@type":"SearchAction","target":{"@type":"EntryPoint","urlTemplate":"https:\/\/www.kvarken.org\/fi\/?s={search_term_string}"},"query-input":{"@type":"PropertyValueSpecification","valueRequired":true,"valueName":"search_term_string"}}],"inLanguage":"fi"},{"@type":"Person","@id":"https:\/\/www.kvarken.org\/fi\/#\/schema\/person\/c0191caa861afff47bc50292a6905da2","name":"jokommunikation_agency","image":{"@type":"ImageObject","inLanguage":"fi","@id":"https:\/\/secure.gravatar.com\/avatar\/747179557db7fa831269f4829d55b0109a7684b8dd784a3f8f606bce8610f828?s=96&d=mm&r=g","url":"https:\/\/secure.gravatar.com\/avatar\/747179557db7fa831269f4829d55b0109a7684b8dd784a3f8f606bce8610f828?s=96&d=mm&r=g","contentUrl":"https:\/\/secure.gravatar.com\/avatar\/747179557db7fa831269f4829d55b0109a7684b8dd784a3f8f606bce8610f828?s=96&d=mm&r=g","caption":"jokommunikation_agency"}}]}},"_links":{"self":[{"href":"https:\/\/www.kvarken.org\/fi\/wp-json\/wp\/v2\/posts\/9078","targetHints":{"allow":["GET"]}}],"collection":[{"href":"https:\/\/www.kvarken.org\/fi\/wp-json\/wp\/v2\/posts"}],"about":[{"href":"https:\/\/www.kvarken.org\/fi\/wp-json\/wp\/v2\/types\/post"}],"author":[{"embeddable":true,"href":"https:\/\/www.kvarken.org\/fi\/wp-json\/wp\/v2\/users\/2"}],"replies":[{"embeddable":true,"href":"https:\/\/www.kvarken.org\/fi\/wp-json\/wp\/v2\/comments?post=9078"}],"version-history":[{"count":1,"href":"https:\/\/www.kvarken.org\/fi\/wp-json\/wp\/v2\/posts\/9078\/revisions"}],"predecessor-version":[{"id":13716,"href":"https:\/\/www.kvarken.org\/fi\/wp-json\/wp\/v2\/posts\/9078\/revisions\/13716"}],"wp:featuredmedia":[{"embeddable":true,"href":"https:\/\/www.kvarken.org\/fi\/wp-json\/wp\/v2\/media\/2011"}],"wp:attachment":[{"href":"https:\/\/www.kvarken.org\/fi\/wp-json\/wp\/v2\/media?parent=9078"}],"wp:term":[{"taxonomy":"category","embeddable":true,"href":"https:\/\/www.kvarken.org\/fi\/wp-json\/wp\/v2\/categories?post=9078"},{"taxonomy":"post_tag","embeddable":true,"href":"https:\/\/www.kvarken.org\/fi\/wp-json\/wp\/v2\/tags?post=9078"},{"taxonomy":"amnen","embeddable":true,"href":"https:\/\/www.kvarken.org\/fi\/wp-json\/wp\/v2\/amnen?post=9078"}],"curies":[{"name":"wp","href":"https:\/\/api.w.org\/{rel}","templated":true}]}}