{"id":9095,"date":"2016-12-08T12:53:25","date_gmt":"2016-12-08T12:53:25","guid":{"rendered":"https:\/\/kvarken.org\/merenkurkun-alueen-katalysaattori\/"},"modified":"2016-12-08T12:53:25","modified_gmt":"2016-12-08T12:53:25","slug":"merenkurkun-alueen-katalysaattori","status":"publish","type":"post","link":"https:\/\/www.kvarken.org\/fi\/merenkurkun-alueen-katalysaattori\/","title":{"rendered":"Merenkurkun alueen katalysaattori"},"content":{"rendered":"<p><strong><em>Monet yhdist\u00e4v\u00e4t Merenkurkun neuvoston ehk\u00e4 l\u00e4hinn\u00e4 Merenkurkun laivaliikenteeseen ja Midway Alignment of the Bothnian Corridor -hankkeeseen. Vaikka ne ovatkin olleet keski\u00f6ss\u00e4 viime vuosina, yhdistyksess\u00e4 tehd\u00e4\u00e4n jatkuvasti paljon muutakin ty\u00f6t\u00e4. Kehitysp\u00e4\u00e4llikk\u00f6 Susanna Ehrs kertoo tarkemmin, mit\u00e4 Merenkurkun neuvosto oikeastaan on ja mit\u00e4 se tekee.<\/em><\/strong><\/p>\n<p>\u2013 Merenkurkun neuvosto on Pohjanmaan kolmen maakunnan sek\u00e4 Ruotsin V\u00e4sterbottenin l\u00e4\u00e4nin ja \u00d6rnsk\u00f6ldsvikin kunnan pohjoismainen, raja-alueellinen yhteisty\u00f6foorumi. Merenkurkun neuvosto on yksi Pohjoismaiden ministerineuvoston virallisista raja-alueellisista yhteisty\u00f6elimist\u00e4, Susanna aloittaa.<\/p>\n<p>Merenkurkun neuvosto perustettiin jo v. 1972 l\u00e4ht\u00f6kohtanaan mm. Pohjola-Nordenin ja F\u00f6reningen Nordenin aatteellinen pohjoismainen yhteisty\u00f6. Merenkurkun neuvosto on vuodesta 2008 l\u00e4htien toiminut yhdistyksen\u00e4.<\/p>\n<p>\u2013 Teht\u00e4v\u00e4mme kattaa kaiken valtionrajat ylitt\u00e4v\u00e4n toiminnan Merenkurkun alueella \u2013 me emme siis ty\u00f6skentele vain yhden asiakysymyksen parissa, Susanna korostaa. Puolueettomuutemme on vahvuutemme \u2013 kaikilla tasoilla: politiikan, maantieteen ja asioiden suhteen. Voidaan sanoa, ett\u00e4 me toimimme alueen rajatylitt\u00e4v\u00e4n yhteistoiminnan katalysaattorina \u2013 niin elinkeinoel\u00e4m\u00e4ss\u00e4, julkisella sektorilla, infrastruktuurissa, kulttuurissa ja koulutuksessa, h\u00e4n lis\u00e4\u00e4.<\/p>\n<p>Yhdistys toimii ensi sijassa j\u00e4sentens\u00e4 eduksi; p\u00e4\u00e4j\u00e4seni\u00e4 ovat Pohjanmaan kolme maakuntaa, Vaasa, Sein\u00e4joki, Kokkola, Pietarsaari, Regionf\u00f6rbundet V\u00e4sterbottens l\u00e4n sek\u00e4 \u00d6rnsk\u00f6ldsvikin kunta. Yhdistyksess\u00e4 on n\u00e4iden lis\u00e4ksi kymmeni\u00e4 muita j\u00e4seni\u00e4: kuntia, viranomaisia ja j\u00e4rjest\u00f6j\u00e4.<\/p>\n<p>Susanna kuvaa Merenkurkun neuvostoa eritt\u00e4in tehokkaaksi organisaatioksi \u2013 yhdistyksen 2,6 vakinaista ty\u00f6ntekij\u00e4\u00e4 saavat paljon aikaiseksi.<\/p>\n<p><img decoding=\"async\" class=\"size-full wp-image-9088 aligncenter\" src=\"https:\/\/www.kvarken.org\/wp-content\/uploads\/2021\/03\/resizedimage367521-Kvarkenradet-Susanna-6.jpg\" alt=\"\" width=\"367\" height=\"521\" srcset=\"https:\/\/www.kvarken.org\/wp-content\/uploads\/2021\/03\/resizedimage367521-Kvarkenradet-Susanna-6.jpg 367w, https:\/\/www.kvarken.org\/wp-content\/uploads\/2021\/03\/resizedimage367521-Kvarkenradet-Susanna-6-211x300.jpg 211w\" sizes=\"(max-width: 367px) 100vw, 367px\" \/><\/p>\n<p style=\"text-align: center;\"><em>Susanna Ehrs on ty\u00f6skennellyt monta vuotta pohjoismaisen yhteisty\u00f6n parissa, vuodesta 2009 l\u00e4htien Merenkurkun neuvostossa, jota h\u00e4n kuvaa Merenkurkun alueen kaikkien rajatylitt\u00e4vien asioiden viralliseksi foorumiksi.<\/em><\/p>\n<p>\u2013 Toimimme yhteisty\u00f6alustana alueen kaikille osapuolille ja kuulumme Pohjoismaiden kahdentoista rajatoimikunnan joukossa kaikkein aktiivisimpiin. Lis\u00e4ksi osallistumme useisiin eurooppalaisiin verkostoihin, joihin kuuluu mm. ESI, European Straits Initiative, joka kokoaa yhteen Euroopan kaikki salmialueet, esim. Englannin kanaalin, Gibraltarin, Suomenlahden jne. J\u00e4rjest\u00f6 on eritt\u00e4in vaikuttunut organisaatiostamme, sill\u00e4 muilla j\u00e4senill\u00e4 ei vastaavaa ole, Susanna kertoo.<\/p>\n<p>Botnia Atlantica -ohjelma on Merenkurkun neuvoston t\u00e4rkein hankerahoitusv\u00e4line, ja Susanna ty\u00f6skentelee tiiviisti sen sihteerist\u00f6n kanssa.<\/p>\n<p>\u2013 Rajatylitt\u00e4vien hankkeiden hankehakemukset ja -rahoitus kuuluvat t\u00e4rkeimpiin ty\u00f6teht\u00e4viini. Lis\u00e4ksi ty\u00f6listalleni kuuluvat yhteydenpito j\u00e4seniin ja Pohjoismaiden ministerineuvostoon sek\u00e4 osa hallitusty\u00f6st\u00e4 ja yhdistyksen perushallinto, tiiviiss\u00e4 yhteisty\u00f6ss\u00e4 johtajan kanssa.<\/p>\n<p>Merenkurkun neuvosto harjoittaa omia hankkeita ja my\u00f6s toimii avaintekij\u00e4n\u00e4 muiden hallinnoimissa hankkeissa. Midway Alignment of the Bothnian Corridor on t\u00e4llainen hanke, joka on viime vuosina tuonut paljon nostetta Merenkurkun neuvostolle.<\/p>\n<div class=\"columns two\">\n<div class=\"column\">\n<p>\u2013 Toimintamme koki suuren k\u00e4\u00e4nteen v. 2011, kun aluetta kohtasi uusi tilanne \u2013 j\u00e4imme ilman laivayhteytt\u00e4, joka on alueen t\u00e4rkein elinhermo. Laivayhteys on kaiken yhteisty\u00f6n perusta, ja yhteyden turvaamiseksi k\u00e4ynnistetty hanke on her\u00e4tt\u00e4nyt valtavaa sitoutumista elinkeinoel\u00e4m\u00e4n ja julkisen sektorin suunnalta sek\u00e4 ruohonjuuritasolta. Ty\u00f6t\u00e4 laivayhteyden eteen tehd\u00e4\u00e4n p\u00e4ivitt\u00e4in, ja se otetaan vakavasti kaikilla tasoilla. Periksi antaminen ei kuulu vaihtoehtoihin \u2013 jatkamme ty\u00f6t\u00e4, kunnes asiaan on saatu pitk\u00e4j\u00e4nteinen ratkaisu, Susanna toteaa.<\/p>\n<\/div>\n<\/div>\n<p><strong>FAKTARUUTU:<\/strong><\/p>\n<p><strong>Merenkurkun neuvosto ry:n tarkoitus on:<\/strong><strong><br \/><\/strong><strong><br \/><\/strong><\/p>\n<ul>\n<li style=\"list-style-type: none;\">\n<ul>\n<li style=\"list-style-type: none;\">\n<ul>\n<li><strong>Edist\u00e4\u00e4 Merenkurkun alueen yhteistoimintaa ja integraatiota<\/strong><\/li>\n<li><strong>Madaltaa ja poistaa rajaesteit\u00e4<\/strong><\/li>\n<li><strong>Hy\u00f6dynt\u00e4\u00e4 alueen mahdollisuuksia ja edist\u00e4\u00e4 alueen kehittymist\u00e4<\/strong><\/li>\n<\/ul>\n<\/li>\n<\/ul>\n<\/li>\n<\/ul>\n<p><img decoding=\"async\" class=\"size-full wp-image-9091 alignnone\" src=\"https:\/\/www.kvarken.org\/wp-content\/uploads\/2021\/03\/resizedimage600388-Kvarkenradet-Susanna-1.jpg\" alt=\"\" width=\"600\" height=\"388\" srcset=\"https:\/\/www.kvarken.org\/wp-content\/uploads\/2021\/03\/resizedimage600388-Kvarkenradet-Susanna-1.jpg 600w, https:\/\/www.kvarken.org\/wp-content\/uploads\/2021\/03\/resizedimage600388-Kvarkenradet-Susanna-1-480x310.jpg 480w\" sizes=\"(min-width: 0px) and (max-width: 480px) 480px, (min-width: 481px) 600px, 100vw\" \/><\/p>\n<p><em>Kehitysp\u00e4\u00e4llikk\u00f6 Susanna Ehrs, tiedotusvastaava Johanna H\u00e4ggman sek\u00e4 johtaja Mathias Lindstr\u00f6m keskustelemassa Merenkurkun neuvoston toimistossa Pukinkulmassa Vaasassa.<br \/><\/em><em><br \/>Teksti ja kuva: Anna Sand<\/em><\/p>\n","protected":false},"excerpt":{"rendered":"<p>Monet yhdist\u00e4v\u00e4t Merenkurkun neuvoston ehk\u00e4 l\u00e4hinn\u00e4 Merenkurkun laivaliikenteeseen ja Midway Alignment of the Bothnian Corridor -hankkeeseen. Vaikka ne ovatkin olleet keski\u00f6ss\u00e4 viime vuosina, yhdistyksess\u00e4 tehd\u00e4\u00e4n jatkuvasti paljon muutakin ty\u00f6t\u00e4. Kehitysp\u00e4\u00e4llikk\u00f6 Susanna Ehrs kertoo tarkemmin, mit\u00e4 Merenkurkun neuvosto oikeastaan on ja mit\u00e4 se tekee.<\/p>\n","protected":false},"author":2,"featured_media":9091,"comment_status":"open","ping_status":"open","sticky":false,"template":"","format":"standard","meta":{"_acf_changed":false,"_et_pb_use_builder":"","_et_pb_old_content":"","_et_gb_content_width":"","footnotes":""},"categories":[13],"tags":[],"amnen":[100,86],"class_list":["post-9095","post","type-post","status-publish","format-standard","has-post-thumbnail","hentry","category-uncategorized-fi","amnen-eayy","amnen-yhteistyomuodot-fi"],"acf":[],"yoast_head":"<!-- This site is optimized with the Yoast SEO plugin v27.4 - https:\/\/yoast.com\/product\/yoast-seo-wordpress\/ -->\n<title>Merenkurkun alueen katalysaattori - Kvarkenr\u00e5det<\/title>\n<meta name=\"robots\" content=\"index, follow, max-snippet:-1, max-image-preview:large, max-video-preview:-1\" \/>\n<link rel=\"canonical\" href=\"https:\/\/www.kvarken.org\/fi\/merenkurkun-alueen-katalysaattori\/\" \/>\n<meta property=\"og:locale\" content=\"fi_FI\" \/>\n<meta property=\"og:type\" content=\"article\" \/>\n<meta property=\"og:title\" content=\"Merenkurkun alueen katalysaattori - Kvarkenr\u00e5det\" \/>\n<meta property=\"og:description\" content=\"Monet yhdist\u00e4v\u00e4t Merenkurkun neuvoston ehk\u00e4 l\u00e4hinn\u00e4 Merenkurkun laivaliikenteeseen ja Midway Alignment of the Bothnian Corridor -hankkeeseen. Vaikka ne ovatkin olleet keski\u00f6ss\u00e4 viime vuosina, yhdistyksess\u00e4 tehd\u00e4\u00e4n jatkuvasti paljon muutakin ty\u00f6t\u00e4. Kehitysp\u00e4\u00e4llikk\u00f6 Susanna Ehrs kertoo tarkemmin, mit\u00e4 Merenkurkun neuvosto oikeastaan on ja mit\u00e4 se tekee.\" \/>\n<meta property=\"og:url\" content=\"https:\/\/www.kvarken.org\/fi\/merenkurkun-alueen-katalysaattori\/\" \/>\n<meta property=\"og:site_name\" content=\"Kvarkenr\u00e5det\" \/>\n<meta property=\"article:published_time\" content=\"2016-12-08T12:53:25+00:00\" \/>\n<meta property=\"og:image\" content=\"https:\/\/www.kvarken.org\/wp-content\/uploads\/2021\/03\/resizedimage600388-Kvarkenradet-Susanna-1.jpg\" \/>\n\t<meta property=\"og:image:width\" content=\"600\" \/>\n\t<meta property=\"og:image:height\" content=\"388\" \/>\n\t<meta property=\"og:image:type\" content=\"image\/jpeg\" \/>\n<meta name=\"author\" content=\"jokommunikation_agency\" \/>\n<meta name=\"twitter:card\" content=\"summary_large_image\" \/>\n<meta name=\"twitter:label1\" content=\"Kirjoittanut\" \/>\n\t<meta name=\"twitter:data1\" content=\"jokommunikation_agency\" \/>\n\t<meta name=\"twitter:label2\" content=\"Arvioitu lukuaika\" \/>\n\t<meta name=\"twitter:data2\" content=\"3 minuuttia\" \/>\n<script type=\"application\/ld+json\" class=\"yoast-schema-graph\">{\"@context\":\"https:\\\/\\\/schema.org\",\"@graph\":[{\"@type\":\"Article\",\"@id\":\"https:\\\/\\\/www.kvarken.org\\\/fi\\\/merenkurkun-alueen-katalysaattori\\\/#article\",\"isPartOf\":{\"@id\":\"https:\\\/\\\/www.kvarken.org\\\/fi\\\/merenkurkun-alueen-katalysaattori\\\/\"},\"author\":{\"name\":\"jokommunikation_agency\",\"@id\":\"https:\\\/\\\/www.kvarken.org\\\/fi\\\/#\\\/schema\\\/person\\\/c0191caa861afff47bc50292a6905da2\"},\"headline\":\"Merenkurkun alueen katalysaattori\",\"datePublished\":\"2016-12-08T12:53:25+00:00\",\"mainEntityOfPage\":{\"@id\":\"https:\\\/\\\/www.kvarken.org\\\/fi\\\/merenkurkun-alueen-katalysaattori\\\/\"},\"wordCount\":527,\"commentCount\":0,\"image\":{\"@id\":\"https:\\\/\\\/www.kvarken.org\\\/fi\\\/merenkurkun-alueen-katalysaattori\\\/#primaryimage\"},\"thumbnailUrl\":\"https:\\\/\\\/www.kvarken.org\\\/wp-content\\\/uploads\\\/2021\\\/03\\\/resizedimage600388-Kvarkenradet-Susanna-1.jpg\",\"articleSection\":[\"Uncategorized @fi\"],\"inLanguage\":\"fi\",\"potentialAction\":[{\"@type\":\"CommentAction\",\"name\":\"Comment\",\"target\":[\"https:\\\/\\\/www.kvarken.org\\\/fi\\\/merenkurkun-alueen-katalysaattori\\\/#respond\"]}]},{\"@type\":\"WebPage\",\"@id\":\"https:\\\/\\\/www.kvarken.org\\\/fi\\\/merenkurkun-alueen-katalysaattori\\\/\",\"url\":\"https:\\\/\\\/www.kvarken.org\\\/fi\\\/merenkurkun-alueen-katalysaattori\\\/\",\"name\":\"Merenkurkun alueen katalysaattori - Kvarkenr\u00e5det\",\"isPartOf\":{\"@id\":\"https:\\\/\\\/www.kvarken.org\\\/fi\\\/#website\"},\"primaryImageOfPage\":{\"@id\":\"https:\\\/\\\/www.kvarken.org\\\/fi\\\/merenkurkun-alueen-katalysaattori\\\/#primaryimage\"},\"image\":{\"@id\":\"https:\\\/\\\/www.kvarken.org\\\/fi\\\/merenkurkun-alueen-katalysaattori\\\/#primaryimage\"},\"thumbnailUrl\":\"https:\\\/\\\/www.kvarken.org\\\/wp-content\\\/uploads\\\/2021\\\/03\\\/resizedimage600388-Kvarkenradet-Susanna-1.jpg\",\"datePublished\":\"2016-12-08T12:53:25+00:00\",\"author\":{\"@id\":\"https:\\\/\\\/www.kvarken.org\\\/fi\\\/#\\\/schema\\\/person\\\/c0191caa861afff47bc50292a6905da2\"},\"breadcrumb\":{\"@id\":\"https:\\\/\\\/www.kvarken.org\\\/fi\\\/merenkurkun-alueen-katalysaattori\\\/#breadcrumb\"},\"inLanguage\":\"fi\",\"potentialAction\":[{\"@type\":\"ReadAction\",\"target\":[\"https:\\\/\\\/www.kvarken.org\\\/fi\\\/merenkurkun-alueen-katalysaattori\\\/\"]}]},{\"@type\":\"ImageObject\",\"inLanguage\":\"fi\",\"@id\":\"https:\\\/\\\/www.kvarken.org\\\/fi\\\/merenkurkun-alueen-katalysaattori\\\/#primaryimage\",\"url\":\"https:\\\/\\\/www.kvarken.org\\\/wp-content\\\/uploads\\\/2021\\\/03\\\/resizedimage600388-Kvarkenradet-Susanna-1.jpg\",\"contentUrl\":\"https:\\\/\\\/www.kvarken.org\\\/wp-content\\\/uploads\\\/2021\\\/03\\\/resizedimage600388-Kvarkenradet-Susanna-1.jpg\",\"width\":600,\"height\":388},{\"@type\":\"BreadcrumbList\",\"@id\":\"https:\\\/\\\/www.kvarken.org\\\/fi\\\/merenkurkun-alueen-katalysaattori\\\/#breadcrumb\",\"itemListElement\":[{\"@type\":\"ListItem\",\"position\":1,\"name\":\"Hem\",\"item\":\"https:\\\/\\\/www.kvarken.org\\\/fi\\\/\"},{\"@type\":\"ListItem\",\"position\":2,\"name\":\"Merenkurkun alueen katalysaattori\"}]},{\"@type\":\"WebSite\",\"@id\":\"https:\\\/\\\/www.kvarken.org\\\/fi\\\/#website\",\"url\":\"https:\\\/\\\/www.kvarken.org\\\/fi\\\/\",\"name\":\"Kvarkenr\u00e5det\",\"description\":\"\",\"potentialAction\":[{\"@type\":\"SearchAction\",\"target\":{\"@type\":\"EntryPoint\",\"urlTemplate\":\"https:\\\/\\\/www.kvarken.org\\\/fi\\\/?s={search_term_string}\"},\"query-input\":{\"@type\":\"PropertyValueSpecification\",\"valueRequired\":true,\"valueName\":\"search_term_string\"}}],\"inLanguage\":\"fi\"},{\"@type\":\"Person\",\"@id\":\"https:\\\/\\\/www.kvarken.org\\\/fi\\\/#\\\/schema\\\/person\\\/c0191caa861afff47bc50292a6905da2\",\"name\":\"jokommunikation_agency\",\"image\":{\"@type\":\"ImageObject\",\"inLanguage\":\"fi\",\"@id\":\"https:\\\/\\\/secure.gravatar.com\\\/avatar\\\/747179557db7fa831269f4829d55b0109a7684b8dd784a3f8f606bce8610f828?s=96&d=mm&r=g\",\"url\":\"https:\\\/\\\/secure.gravatar.com\\\/avatar\\\/747179557db7fa831269f4829d55b0109a7684b8dd784a3f8f606bce8610f828?s=96&d=mm&r=g\",\"contentUrl\":\"https:\\\/\\\/secure.gravatar.com\\\/avatar\\\/747179557db7fa831269f4829d55b0109a7684b8dd784a3f8f606bce8610f828?s=96&d=mm&r=g\",\"caption\":\"jokommunikation_agency\"}}]}<\/script>\n<!-- \/ Yoast SEO plugin. -->","yoast_head_json":{"title":"Merenkurkun alueen katalysaattori - Kvarkenr\u00e5det","robots":{"index":"index","follow":"follow","max-snippet":"max-snippet:-1","max-image-preview":"max-image-preview:large","max-video-preview":"max-video-preview:-1"},"canonical":"https:\/\/www.kvarken.org\/fi\/merenkurkun-alueen-katalysaattori\/","og_locale":"fi_FI","og_type":"article","og_title":"Merenkurkun alueen katalysaattori - Kvarkenr\u00e5det","og_description":"Monet yhdist\u00e4v\u00e4t Merenkurkun neuvoston ehk\u00e4 l\u00e4hinn\u00e4 Merenkurkun laivaliikenteeseen ja Midway Alignment of the Bothnian Corridor -hankkeeseen. Vaikka ne ovatkin olleet keski\u00f6ss\u00e4 viime vuosina, yhdistyksess\u00e4 tehd\u00e4\u00e4n jatkuvasti paljon muutakin ty\u00f6t\u00e4. Kehitysp\u00e4\u00e4llikk\u00f6 Susanna Ehrs kertoo tarkemmin, mit\u00e4 Merenkurkun neuvosto oikeastaan on ja mit\u00e4 se tekee.","og_url":"https:\/\/www.kvarken.org\/fi\/merenkurkun-alueen-katalysaattori\/","og_site_name":"Kvarkenr\u00e5det","article_published_time":"2016-12-08T12:53:25+00:00","og_image":[{"width":600,"height":388,"url":"https:\/\/www.kvarken.org\/wp-content\/uploads\/2021\/03\/resizedimage600388-Kvarkenradet-Susanna-1.jpg","type":"image\/jpeg"}],"author":"jokommunikation_agency","twitter_card":"summary_large_image","twitter_misc":{"Kirjoittanut":"jokommunikation_agency","Arvioitu lukuaika":"3 minuuttia"},"schema":{"@context":"https:\/\/schema.org","@graph":[{"@type":"Article","@id":"https:\/\/www.kvarken.org\/fi\/merenkurkun-alueen-katalysaattori\/#article","isPartOf":{"@id":"https:\/\/www.kvarken.org\/fi\/merenkurkun-alueen-katalysaattori\/"},"author":{"name":"jokommunikation_agency","@id":"https:\/\/www.kvarken.org\/fi\/#\/schema\/person\/c0191caa861afff47bc50292a6905da2"},"headline":"Merenkurkun alueen katalysaattori","datePublished":"2016-12-08T12:53:25+00:00","mainEntityOfPage":{"@id":"https:\/\/www.kvarken.org\/fi\/merenkurkun-alueen-katalysaattori\/"},"wordCount":527,"commentCount":0,"image":{"@id":"https:\/\/www.kvarken.org\/fi\/merenkurkun-alueen-katalysaattori\/#primaryimage"},"thumbnailUrl":"https:\/\/www.kvarken.org\/wp-content\/uploads\/2021\/03\/resizedimage600388-Kvarkenradet-Susanna-1.jpg","articleSection":["Uncategorized @fi"],"inLanguage":"fi","potentialAction":[{"@type":"CommentAction","name":"Comment","target":["https:\/\/www.kvarken.org\/fi\/merenkurkun-alueen-katalysaattori\/#respond"]}]},{"@type":"WebPage","@id":"https:\/\/www.kvarken.org\/fi\/merenkurkun-alueen-katalysaattori\/","url":"https:\/\/www.kvarken.org\/fi\/merenkurkun-alueen-katalysaattori\/","name":"Merenkurkun alueen katalysaattori - Kvarkenr\u00e5det","isPartOf":{"@id":"https:\/\/www.kvarken.org\/fi\/#website"},"primaryImageOfPage":{"@id":"https:\/\/www.kvarken.org\/fi\/merenkurkun-alueen-katalysaattori\/#primaryimage"},"image":{"@id":"https:\/\/www.kvarken.org\/fi\/merenkurkun-alueen-katalysaattori\/#primaryimage"},"thumbnailUrl":"https:\/\/www.kvarken.org\/wp-content\/uploads\/2021\/03\/resizedimage600388-Kvarkenradet-Susanna-1.jpg","datePublished":"2016-12-08T12:53:25+00:00","author":{"@id":"https:\/\/www.kvarken.org\/fi\/#\/schema\/person\/c0191caa861afff47bc50292a6905da2"},"breadcrumb":{"@id":"https:\/\/www.kvarken.org\/fi\/merenkurkun-alueen-katalysaattori\/#breadcrumb"},"inLanguage":"fi","potentialAction":[{"@type":"ReadAction","target":["https:\/\/www.kvarken.org\/fi\/merenkurkun-alueen-katalysaattori\/"]}]},{"@type":"ImageObject","inLanguage":"fi","@id":"https:\/\/www.kvarken.org\/fi\/merenkurkun-alueen-katalysaattori\/#primaryimage","url":"https:\/\/www.kvarken.org\/wp-content\/uploads\/2021\/03\/resizedimage600388-Kvarkenradet-Susanna-1.jpg","contentUrl":"https:\/\/www.kvarken.org\/wp-content\/uploads\/2021\/03\/resizedimage600388-Kvarkenradet-Susanna-1.jpg","width":600,"height":388},{"@type":"BreadcrumbList","@id":"https:\/\/www.kvarken.org\/fi\/merenkurkun-alueen-katalysaattori\/#breadcrumb","itemListElement":[{"@type":"ListItem","position":1,"name":"Hem","item":"https:\/\/www.kvarken.org\/fi\/"},{"@type":"ListItem","position":2,"name":"Merenkurkun alueen katalysaattori"}]},{"@type":"WebSite","@id":"https:\/\/www.kvarken.org\/fi\/#website","url":"https:\/\/www.kvarken.org\/fi\/","name":"Kvarkenr\u00e5det","description":"","potentialAction":[{"@type":"SearchAction","target":{"@type":"EntryPoint","urlTemplate":"https:\/\/www.kvarken.org\/fi\/?s={search_term_string}"},"query-input":{"@type":"PropertyValueSpecification","valueRequired":true,"valueName":"search_term_string"}}],"inLanguage":"fi"},{"@type":"Person","@id":"https:\/\/www.kvarken.org\/fi\/#\/schema\/person\/c0191caa861afff47bc50292a6905da2","name":"jokommunikation_agency","image":{"@type":"ImageObject","inLanguage":"fi","@id":"https:\/\/secure.gravatar.com\/avatar\/747179557db7fa831269f4829d55b0109a7684b8dd784a3f8f606bce8610f828?s=96&d=mm&r=g","url":"https:\/\/secure.gravatar.com\/avatar\/747179557db7fa831269f4829d55b0109a7684b8dd784a3f8f606bce8610f828?s=96&d=mm&r=g","contentUrl":"https:\/\/secure.gravatar.com\/avatar\/747179557db7fa831269f4829d55b0109a7684b8dd784a3f8f606bce8610f828?s=96&d=mm&r=g","caption":"jokommunikation_agency"}}]}},"_links":{"self":[{"href":"https:\/\/www.kvarken.org\/fi\/wp-json\/wp\/v2\/posts\/9095","targetHints":{"allow":["GET"]}}],"collection":[{"href":"https:\/\/www.kvarken.org\/fi\/wp-json\/wp\/v2\/posts"}],"about":[{"href":"https:\/\/www.kvarken.org\/fi\/wp-json\/wp\/v2\/types\/post"}],"author":[{"embeddable":true,"href":"https:\/\/www.kvarken.org\/fi\/wp-json\/wp\/v2\/users\/2"}],"replies":[{"embeddable":true,"href":"https:\/\/www.kvarken.org\/fi\/wp-json\/wp\/v2\/comments?post=9095"}],"version-history":[{"count":0,"href":"https:\/\/www.kvarken.org\/fi\/wp-json\/wp\/v2\/posts\/9095\/revisions"}],"wp:featuredmedia":[{"embeddable":true,"href":"https:\/\/www.kvarken.org\/fi\/wp-json\/wp\/v2\/media\/9091"}],"wp:attachment":[{"href":"https:\/\/www.kvarken.org\/fi\/wp-json\/wp\/v2\/media?parent=9095"}],"wp:term":[{"taxonomy":"category","embeddable":true,"href":"https:\/\/www.kvarken.org\/fi\/wp-json\/wp\/v2\/categories?post=9095"},{"taxonomy":"post_tag","embeddable":true,"href":"https:\/\/www.kvarken.org\/fi\/wp-json\/wp\/v2\/tags?post=9095"},{"taxonomy":"amnen","embeddable":true,"href":"https:\/\/www.kvarken.org\/fi\/wp-json\/wp\/v2\/amnen?post=9095"}],"curies":[{"name":"wp","href":"https:\/\/api.w.org\/{rel}","templated":true}]}}