{"id":9129,"date":"2018-03-28T12:35:40","date_gmt":"2018-03-28T12:35:40","guid":{"rendered":"https:\/\/kvarken.org\/e12-pohjoismaisesta-nakokulmasta\/"},"modified":"2021-03-12T07:02:06","modified_gmt":"2021-03-12T07:02:06","slug":"e12-pohjoismaisesta-nakokulmasta","status":"publish","type":"post","link":"https:\/\/www.kvarken.org\/fi\/e12-pohjoismaisesta-nakokulmasta\/","title":{"rendered":"E12 pohjoismaisesta n\u00e4k\u00f6kulmasta"},"content":{"rendered":"<p><em>Johan Lindblad, Pohjoismaiden Neuvoston vanhempi neuvonantaja, jakoi loppukonferenssissa n\u00e4kemyksens\u00e4 E12-hankkeesta ja oli iloinen erityisesti mahdollisuudesta nyt laittaa yhdess\u00e4 suurempaa painetta p\u00e4\u00e4t\u00f6ksentekij\u00f6ihin Pohjoismaiden rajat ylitt\u00e4v\u00e4\u00e4n infrastruktuuriin liittyv\u00e4st\u00e4 kysymyksest\u00e4.<\/em><\/p>\n<p>E12 Atlantica Transport on tehnyt yhteisty\u00f6t\u00e4 useiden organisaatioiden kanssa tavoitteenaan lis\u00e4t\u00e4 rajat ylitt\u00e4v\u00e4\u00e4 yhteisty\u00f6t\u00e4 nimenomaan Pohjoismaiden infrastruktuurissa. Pohjoismaiden Neuvosto on nostanut esiin asian t\u00e4rkeyden monessa yhteydess\u00e4. Viimeisimp\u00e4n\u00e4 valiokuntaehdotuksessa pohjoismaisesta liikennepolitiikasta 24.1.2018.<\/p>\n<p>\u2013 Palaute, jota Pohjoismaiden Neuvosto on saanut n\u00e4ist\u00e4 Pohjoismaiden hallituksille tehdyist\u00e4 ehdotuksista, on selv\u00e4sti osoittanut, ettei hallituksilla ole rakenteita tai ajatuksia strategisemmasta, rajat ylitt\u00e4v\u00e4st\u00e4 kuljetusyhteisty\u00f6st\u00e4. Meilt\u00e4 kesti kaksi vuotta saada aikaan yhteinen tapaaminen Pohjoismaiden liikenneministerien v\u00e4lill\u00e4, mik\u00e4 tapahtui syksyll\u00e4 2016. Yhteisty\u00f6n tiivist\u00e4miseen viranomaistasolle ministerit suhtautuivat positiivisesti. T\u00e4h\u00e4n my\u00f6s E12-hanke on ollut vaikuttamassa, Lindblad toteaa.<\/p>\n<p>E12 Atlantica Transport -hanke on konkretisoinut maiden eroavaisuudet ja samankaltaisuudet, ja nyt olemassa olevalta pohjalta hankkeen toimijat voivat yhteisty\u00f6ss\u00e4 Pohjoismaiden Neuvoston kanssa kohdistaa lis\u00e4\u00e4 painetta p\u00e4\u00e4t\u00f6ksentekij\u00f6ihin.<br \/>\n\u2013 Tied\u00e4mme, ett\u00e4 matka ideasta tuloksiin on pitk\u00e4, kun on kyse infrastruktuurista, ja nyt on korkea aika lis\u00e4t\u00e4 hallituksiin kohdistuvaa painetta. Kansallisten liikenneviranomaisten on saatava konkreettisia tilauksia rajat ylitt\u00e4v\u00e4st\u00e4 yhteisty\u00f6st\u00e4, Lindblad n\u00e4kee.<\/p>\n<p>Pohjoismaiden Neuvoston odotetaan 10.4.2018 hyv\u00e4ksyv\u00e4n suosituksen Pohjoismaiden hallituksille, joka sis\u00e4lt\u00e4\u00e4 15 konkreettista toimenpidett\u00e4. Hallituksilla on t\u00e4m\u00e4n j\u00e4lkeen 12 viikkoa aikaa antaa vastineensa n\u00e4ihin ehdotuksiin.<br \/>\n\u2013 Meill\u00e4 on my\u00f6s mahdollisuus vaatia uutta tapaamista liikenneministerien kanssa t\u00e4m\u00e4n j\u00e4lkeen, jos n\u00e4emme sen v\u00e4ltt\u00e4m\u00e4tt\u00f6m\u00e4ksi. On j\u00e4nnitt\u00e4v\u00e4\u00e4 n\u00e4hd\u00e4 mihin se johtaa, Lindblad jatkaa.<\/p>\n<p>Monet listan kohdista ovat yhtenev\u00e4isi\u00e4 niiden toimenpide-ehdotusten kanssa, jotka my\u00f6s E12-hanke antaa, samoin kuin se, ett\u00e4 uusi pohjoismainen liikenteen ministerineuvosto pit\u00e4isi perustaa. Aikaisempi lakkautettiin vuonna 2005, n\u00e4enn\u00e4isesti ilman syyt\u00e4.<br \/>\n\u2013 Viranomaiset tarvitsevat nyt poliittisen teht\u00e4v\u00e4n, ja siksi t\u00e4ytyy indentifioida tarkasti mit\u00e4 vaaditaan ja tarvitaan. Toivon siksi hyv\u00e4\u00e4 keskusteluyhteytt\u00e4 jatkossakin kaikkien mukana olevien kumppaneiden kanssa, siit\u00e4 huolimatta, ett\u00e4 hankeaika nyt p\u00e4\u00e4ttyy. Rakennetut verkostot ovat aivan elint\u00e4rkeit\u00e4 jatkolle.<br \/>\n\u2013 E12 Atlantica Transport on loistava hanke, jossa on saatu aikaan konkreettisia tuloksia, ja pienen tuurin ja onnistuneen koordinoinnin sek\u00e4 tahdon ansiosta, se on nyt osunut yksiin my\u00f6s Pohjoismaiden Neuvoston samasta aiheesta tekem\u00e4n ty\u00f6n kanssa, Lindblad p\u00e4\u00e4tt\u00e4\u00e4.<\/p>\n<p>Teksti ja kuvat: Anna Sand\u2028, suomennos: VASEK<\/p>\n<p>&nbsp;<\/p>\n<p><img decoding=\"async\" class=\"size-medium wp-image-7529 alignnone\" src=\"https:\/\/www.kvarken.org\/wp-content\/uploads\/2021\/02\/resizedimage34998-Intrerreg-BA-ENG-RGB2-300x84.png\" alt=\"\" width=\"300\" height=\"84\" \/>&#8217;<\/p>\n<div class=\"item\">\n<p><em>E12 Atlantica Transport &#8211; E12-liikennek\u00e4yt\u00e4v\u00e4n varrella vaikuttavien suomalaisten, ruotsalaisten ja norjalaisten kumppaneiden yhteisty\u00f6hanke, joka keskittyy toimivaan rahdin ja matkustajien kuljetusv\u00e4yl\u00e4\u00e4n, yhteisiin valtionrajat ylitt\u00e4vien strategioiden suunnittelun sek\u00e4 tulevaisuuden yhteisty\u00f6muotoihin.<\/em><\/p>\n<p><em>Hankkeen E12 Atlantica Transport kumppanit<\/em><br \/>\n<em>Merenkurkun neuvosto (Lead Part, FI), MidtSkandia (NO), Bl\u00e5 V\u00e4gen (SE) Region V\u00e4sterbotten (SE), Pohjanmaan liitt (FI), Nordland fylkeskommune (NO), Vaasanseudun Kehitys OY VASEK (FI), Uumajan kunta (SE), V\u00e4nn\u00e4sin kunta (SE), Vindelnin kunta (SE), Lyckselen kunta (SE), Storumanin kunta (SE), Infrastruktur i Ume\u00e5 AB INAB (SE), Rana Utviklingsselskap AS (NO), Ranan kunta (NO), Polarcirkeln lyfthavnsutvikling (NO), Mo i Rana Havn (NO), Mo Industripark AS (NO), Alstahaug havnevesen KF (NO), Helgeland Havn IKS (NO)<\/em><\/p>\n<\/div>\n","protected":false},"excerpt":{"rendered":"<p>Parlamentaarinen yhteisty\u00f6organisaatio Pohjoismaiden Neuvosto oli paikalla E12 Atlantica Transport -hankkeen loppukonferenssissa edustajanaan vanhempi neuvonantaja Johan Lindblad. H\u00e4n tiivisti hankkeen olevan pohjoismaisesta n\u00e4k\u00f6kulmasta katsottuna \u201derinomainen, konkreettinen ja hy\u00f6dyllinen\u201d.<\/p>\n","protected":false},"author":2,"featured_media":7992,"comment_status":"open","ping_status":"open","sticky":false,"template":"","format":"standard","meta":{"_acf_changed":false,"_et_pb_use_builder":"","_et_pb_old_content":"","_et_gb_content_width":"","footnotes":""},"categories":[13],"tags":[],"amnen":[100,56,86],"class_list":["post-9129","post","type-post","status-publish","format-standard","has-post-thumbnail","hentry","category-uncategorized-fi","amnen-eayy","amnen-infrastruktuuri","amnen-yhteistyomuodot-fi"],"acf":[],"yoast_head":"<!-- This site is optimized with the Yoast SEO plugin v27.4 - https:\/\/yoast.com\/product\/yoast-seo-wordpress\/ -->\n<title>E12 pohjoismaisesta n\u00e4k\u00f6kulmasta - Kvarkenr\u00e5det<\/title>\n<meta name=\"robots\" content=\"index, follow, max-snippet:-1, max-image-preview:large, max-video-preview:-1\" \/>\n<link rel=\"canonical\" href=\"https:\/\/www.kvarken.org\/fi\/e12-pohjoismaisesta-nakokulmasta\/\" \/>\n<meta property=\"og:locale\" content=\"fi_FI\" \/>\n<meta property=\"og:type\" content=\"article\" \/>\n<meta property=\"og:title\" content=\"E12 pohjoismaisesta n\u00e4k\u00f6kulmasta - Kvarkenr\u00e5det\" \/>\n<meta property=\"og:description\" content=\"Parlamentaarinen yhteisty\u00f6organisaatio Pohjoismaiden Neuvosto oli paikalla E12 Atlantica Transport -hankkeen loppukonferenssissa edustajanaan vanhempi neuvonantaja Johan Lindblad. H\u00e4n tiivisti hankkeen olevan pohjoismaisesta n\u00e4k\u00f6kulmasta katsottuna \u201derinomainen, konkreettinen ja hy\u00f6dyllinen\u201d.\" \/>\n<meta property=\"og:url\" content=\"https:\/\/www.kvarken.org\/fi\/e12-pohjoismaisesta-nakokulmasta\/\" \/>\n<meta property=\"og:site_name\" content=\"Kvarkenr\u00e5det\" \/>\n<meta property=\"article:published_time\" content=\"2018-03-28T12:35:40+00:00\" \/>\n<meta property=\"article:modified_time\" content=\"2021-03-12T07:02:06+00:00\" \/>\n<meta property=\"og:image\" content=\"https:\/\/www.kvarken.org\/wp-content\/uploads\/2021\/02\/resizedimage600417-Foto-15-03-2018-12-07-34.jpg\" \/>\n\t<meta property=\"og:image:width\" content=\"600\" \/>\n\t<meta property=\"og:image:height\" content=\"417\" \/>\n\t<meta property=\"og:image:type\" content=\"image\/jpeg\" \/>\n<meta name=\"author\" content=\"jokommunikation_agency\" \/>\n<meta name=\"twitter:card\" content=\"summary_large_image\" \/>\n<meta name=\"twitter:label1\" content=\"Kirjoittanut\" \/>\n\t<meta name=\"twitter:data1\" content=\"jokommunikation_agency\" \/>\n\t<meta name=\"twitter:label2\" content=\"Arvioitu lukuaika\" \/>\n\t<meta name=\"twitter:data2\" content=\"3 minuuttia\" \/>\n<script type=\"application\/ld+json\" class=\"yoast-schema-graph\">{\"@context\":\"https:\\\/\\\/schema.org\",\"@graph\":[{\"@type\":\"Article\",\"@id\":\"https:\\\/\\\/www.kvarken.org\\\/fi\\\/e12-pohjoismaisesta-nakokulmasta\\\/#article\",\"isPartOf\":{\"@id\":\"https:\\\/\\\/www.kvarken.org\\\/fi\\\/e12-pohjoismaisesta-nakokulmasta\\\/\"},\"author\":{\"name\":\"jokommunikation_agency\",\"@id\":\"https:\\\/\\\/www.kvarken.org\\\/fi\\\/#\\\/schema\\\/person\\\/c0191caa861afff47bc50292a6905da2\"},\"headline\":\"E12 pohjoismaisesta n\u00e4k\u00f6kulmasta\",\"datePublished\":\"2018-03-28T12:35:40+00:00\",\"dateModified\":\"2021-03-12T07:02:06+00:00\",\"mainEntityOfPage\":{\"@id\":\"https:\\\/\\\/www.kvarken.org\\\/fi\\\/e12-pohjoismaisesta-nakokulmasta\\\/\"},\"wordCount\":512,\"commentCount\":0,\"image\":{\"@id\":\"https:\\\/\\\/www.kvarken.org\\\/fi\\\/e12-pohjoismaisesta-nakokulmasta\\\/#primaryimage\"},\"thumbnailUrl\":\"https:\\\/\\\/www.kvarken.org\\\/wp-content\\\/uploads\\\/2021\\\/02\\\/resizedimage600417-Foto-15-03-2018-12-07-34.jpg\",\"articleSection\":[\"Uncategorized @fi\"],\"inLanguage\":\"fi\",\"potentialAction\":[{\"@type\":\"CommentAction\",\"name\":\"Comment\",\"target\":[\"https:\\\/\\\/www.kvarken.org\\\/fi\\\/e12-pohjoismaisesta-nakokulmasta\\\/#respond\"]}]},{\"@type\":\"WebPage\",\"@id\":\"https:\\\/\\\/www.kvarken.org\\\/fi\\\/e12-pohjoismaisesta-nakokulmasta\\\/\",\"url\":\"https:\\\/\\\/www.kvarken.org\\\/fi\\\/e12-pohjoismaisesta-nakokulmasta\\\/\",\"name\":\"E12 pohjoismaisesta n\u00e4k\u00f6kulmasta - Kvarkenr\u00e5det\",\"isPartOf\":{\"@id\":\"https:\\\/\\\/www.kvarken.org\\\/fi\\\/#website\"},\"primaryImageOfPage\":{\"@id\":\"https:\\\/\\\/www.kvarken.org\\\/fi\\\/e12-pohjoismaisesta-nakokulmasta\\\/#primaryimage\"},\"image\":{\"@id\":\"https:\\\/\\\/www.kvarken.org\\\/fi\\\/e12-pohjoismaisesta-nakokulmasta\\\/#primaryimage\"},\"thumbnailUrl\":\"https:\\\/\\\/www.kvarken.org\\\/wp-content\\\/uploads\\\/2021\\\/02\\\/resizedimage600417-Foto-15-03-2018-12-07-34.jpg\",\"datePublished\":\"2018-03-28T12:35:40+00:00\",\"dateModified\":\"2021-03-12T07:02:06+00:00\",\"author\":{\"@id\":\"https:\\\/\\\/www.kvarken.org\\\/fi\\\/#\\\/schema\\\/person\\\/c0191caa861afff47bc50292a6905da2\"},\"breadcrumb\":{\"@id\":\"https:\\\/\\\/www.kvarken.org\\\/fi\\\/e12-pohjoismaisesta-nakokulmasta\\\/#breadcrumb\"},\"inLanguage\":\"fi\",\"potentialAction\":[{\"@type\":\"ReadAction\",\"target\":[\"https:\\\/\\\/www.kvarken.org\\\/fi\\\/e12-pohjoismaisesta-nakokulmasta\\\/\"]}]},{\"@type\":\"ImageObject\",\"inLanguage\":\"fi\",\"@id\":\"https:\\\/\\\/www.kvarken.org\\\/fi\\\/e12-pohjoismaisesta-nakokulmasta\\\/#primaryimage\",\"url\":\"https:\\\/\\\/www.kvarken.org\\\/wp-content\\\/uploads\\\/2021\\\/02\\\/resizedimage600417-Foto-15-03-2018-12-07-34.jpg\",\"contentUrl\":\"https:\\\/\\\/www.kvarken.org\\\/wp-content\\\/uploads\\\/2021\\\/02\\\/resizedimage600417-Foto-15-03-2018-12-07-34.jpg\",\"width\":600,\"height\":417},{\"@type\":\"BreadcrumbList\",\"@id\":\"https:\\\/\\\/www.kvarken.org\\\/fi\\\/e12-pohjoismaisesta-nakokulmasta\\\/#breadcrumb\",\"itemListElement\":[{\"@type\":\"ListItem\",\"position\":1,\"name\":\"Hem\",\"item\":\"https:\\\/\\\/www.kvarken.org\\\/fi\\\/\"},{\"@type\":\"ListItem\",\"position\":2,\"name\":\"E12 pohjoismaisesta n\u00e4k\u00f6kulmasta\"}]},{\"@type\":\"WebSite\",\"@id\":\"https:\\\/\\\/www.kvarken.org\\\/fi\\\/#website\",\"url\":\"https:\\\/\\\/www.kvarken.org\\\/fi\\\/\",\"name\":\"Kvarkenr\u00e5det\",\"description\":\"\",\"potentialAction\":[{\"@type\":\"SearchAction\",\"target\":{\"@type\":\"EntryPoint\",\"urlTemplate\":\"https:\\\/\\\/www.kvarken.org\\\/fi\\\/?s={search_term_string}\"},\"query-input\":{\"@type\":\"PropertyValueSpecification\",\"valueRequired\":true,\"valueName\":\"search_term_string\"}}],\"inLanguage\":\"fi\"},{\"@type\":\"Person\",\"@id\":\"https:\\\/\\\/www.kvarken.org\\\/fi\\\/#\\\/schema\\\/person\\\/c0191caa861afff47bc50292a6905da2\",\"name\":\"jokommunikation_agency\",\"image\":{\"@type\":\"ImageObject\",\"inLanguage\":\"fi\",\"@id\":\"https:\\\/\\\/secure.gravatar.com\\\/avatar\\\/747179557db7fa831269f4829d55b0109a7684b8dd784a3f8f606bce8610f828?s=96&d=mm&r=g\",\"url\":\"https:\\\/\\\/secure.gravatar.com\\\/avatar\\\/747179557db7fa831269f4829d55b0109a7684b8dd784a3f8f606bce8610f828?s=96&d=mm&r=g\",\"contentUrl\":\"https:\\\/\\\/secure.gravatar.com\\\/avatar\\\/747179557db7fa831269f4829d55b0109a7684b8dd784a3f8f606bce8610f828?s=96&d=mm&r=g\",\"caption\":\"jokommunikation_agency\"}}]}<\/script>\n<!-- \/ Yoast SEO plugin. -->","yoast_head_json":{"title":"E12 pohjoismaisesta n\u00e4k\u00f6kulmasta - Kvarkenr\u00e5det","robots":{"index":"index","follow":"follow","max-snippet":"max-snippet:-1","max-image-preview":"max-image-preview:large","max-video-preview":"max-video-preview:-1"},"canonical":"https:\/\/www.kvarken.org\/fi\/e12-pohjoismaisesta-nakokulmasta\/","og_locale":"fi_FI","og_type":"article","og_title":"E12 pohjoismaisesta n\u00e4k\u00f6kulmasta - Kvarkenr\u00e5det","og_description":"Parlamentaarinen yhteisty\u00f6organisaatio Pohjoismaiden Neuvosto oli paikalla E12 Atlantica Transport -hankkeen loppukonferenssissa edustajanaan vanhempi neuvonantaja Johan Lindblad. H\u00e4n tiivisti hankkeen olevan pohjoismaisesta n\u00e4k\u00f6kulmasta katsottuna \u201derinomainen, konkreettinen ja hy\u00f6dyllinen\u201d.","og_url":"https:\/\/www.kvarken.org\/fi\/e12-pohjoismaisesta-nakokulmasta\/","og_site_name":"Kvarkenr\u00e5det","article_published_time":"2018-03-28T12:35:40+00:00","article_modified_time":"2021-03-12T07:02:06+00:00","og_image":[{"width":600,"height":417,"url":"https:\/\/www.kvarken.org\/wp-content\/uploads\/2021\/02\/resizedimage600417-Foto-15-03-2018-12-07-34.jpg","type":"image\/jpeg"}],"author":"jokommunikation_agency","twitter_card":"summary_large_image","twitter_misc":{"Kirjoittanut":"jokommunikation_agency","Arvioitu lukuaika":"3 minuuttia"},"schema":{"@context":"https:\/\/schema.org","@graph":[{"@type":"Article","@id":"https:\/\/www.kvarken.org\/fi\/e12-pohjoismaisesta-nakokulmasta\/#article","isPartOf":{"@id":"https:\/\/www.kvarken.org\/fi\/e12-pohjoismaisesta-nakokulmasta\/"},"author":{"name":"jokommunikation_agency","@id":"https:\/\/www.kvarken.org\/fi\/#\/schema\/person\/c0191caa861afff47bc50292a6905da2"},"headline":"E12 pohjoismaisesta n\u00e4k\u00f6kulmasta","datePublished":"2018-03-28T12:35:40+00:00","dateModified":"2021-03-12T07:02:06+00:00","mainEntityOfPage":{"@id":"https:\/\/www.kvarken.org\/fi\/e12-pohjoismaisesta-nakokulmasta\/"},"wordCount":512,"commentCount":0,"image":{"@id":"https:\/\/www.kvarken.org\/fi\/e12-pohjoismaisesta-nakokulmasta\/#primaryimage"},"thumbnailUrl":"https:\/\/www.kvarken.org\/wp-content\/uploads\/2021\/02\/resizedimage600417-Foto-15-03-2018-12-07-34.jpg","articleSection":["Uncategorized @fi"],"inLanguage":"fi","potentialAction":[{"@type":"CommentAction","name":"Comment","target":["https:\/\/www.kvarken.org\/fi\/e12-pohjoismaisesta-nakokulmasta\/#respond"]}]},{"@type":"WebPage","@id":"https:\/\/www.kvarken.org\/fi\/e12-pohjoismaisesta-nakokulmasta\/","url":"https:\/\/www.kvarken.org\/fi\/e12-pohjoismaisesta-nakokulmasta\/","name":"E12 pohjoismaisesta n\u00e4k\u00f6kulmasta - Kvarkenr\u00e5det","isPartOf":{"@id":"https:\/\/www.kvarken.org\/fi\/#website"},"primaryImageOfPage":{"@id":"https:\/\/www.kvarken.org\/fi\/e12-pohjoismaisesta-nakokulmasta\/#primaryimage"},"image":{"@id":"https:\/\/www.kvarken.org\/fi\/e12-pohjoismaisesta-nakokulmasta\/#primaryimage"},"thumbnailUrl":"https:\/\/www.kvarken.org\/wp-content\/uploads\/2021\/02\/resizedimage600417-Foto-15-03-2018-12-07-34.jpg","datePublished":"2018-03-28T12:35:40+00:00","dateModified":"2021-03-12T07:02:06+00:00","author":{"@id":"https:\/\/www.kvarken.org\/fi\/#\/schema\/person\/c0191caa861afff47bc50292a6905da2"},"breadcrumb":{"@id":"https:\/\/www.kvarken.org\/fi\/e12-pohjoismaisesta-nakokulmasta\/#breadcrumb"},"inLanguage":"fi","potentialAction":[{"@type":"ReadAction","target":["https:\/\/www.kvarken.org\/fi\/e12-pohjoismaisesta-nakokulmasta\/"]}]},{"@type":"ImageObject","inLanguage":"fi","@id":"https:\/\/www.kvarken.org\/fi\/e12-pohjoismaisesta-nakokulmasta\/#primaryimage","url":"https:\/\/www.kvarken.org\/wp-content\/uploads\/2021\/02\/resizedimage600417-Foto-15-03-2018-12-07-34.jpg","contentUrl":"https:\/\/www.kvarken.org\/wp-content\/uploads\/2021\/02\/resizedimage600417-Foto-15-03-2018-12-07-34.jpg","width":600,"height":417},{"@type":"BreadcrumbList","@id":"https:\/\/www.kvarken.org\/fi\/e12-pohjoismaisesta-nakokulmasta\/#breadcrumb","itemListElement":[{"@type":"ListItem","position":1,"name":"Hem","item":"https:\/\/www.kvarken.org\/fi\/"},{"@type":"ListItem","position":2,"name":"E12 pohjoismaisesta n\u00e4k\u00f6kulmasta"}]},{"@type":"WebSite","@id":"https:\/\/www.kvarken.org\/fi\/#website","url":"https:\/\/www.kvarken.org\/fi\/","name":"Kvarkenr\u00e5det","description":"","potentialAction":[{"@type":"SearchAction","target":{"@type":"EntryPoint","urlTemplate":"https:\/\/www.kvarken.org\/fi\/?s={search_term_string}"},"query-input":{"@type":"PropertyValueSpecification","valueRequired":true,"valueName":"search_term_string"}}],"inLanguage":"fi"},{"@type":"Person","@id":"https:\/\/www.kvarken.org\/fi\/#\/schema\/person\/c0191caa861afff47bc50292a6905da2","name":"jokommunikation_agency","image":{"@type":"ImageObject","inLanguage":"fi","@id":"https:\/\/secure.gravatar.com\/avatar\/747179557db7fa831269f4829d55b0109a7684b8dd784a3f8f606bce8610f828?s=96&d=mm&r=g","url":"https:\/\/secure.gravatar.com\/avatar\/747179557db7fa831269f4829d55b0109a7684b8dd784a3f8f606bce8610f828?s=96&d=mm&r=g","contentUrl":"https:\/\/secure.gravatar.com\/avatar\/747179557db7fa831269f4829d55b0109a7684b8dd784a3f8f606bce8610f828?s=96&d=mm&r=g","caption":"jokommunikation_agency"}}]}},"_links":{"self":[{"href":"https:\/\/www.kvarken.org\/fi\/wp-json\/wp\/v2\/posts\/9129","targetHints":{"allow":["GET"]}}],"collection":[{"href":"https:\/\/www.kvarken.org\/fi\/wp-json\/wp\/v2\/posts"}],"about":[{"href":"https:\/\/www.kvarken.org\/fi\/wp-json\/wp\/v2\/types\/post"}],"author":[{"embeddable":true,"href":"https:\/\/www.kvarken.org\/fi\/wp-json\/wp\/v2\/users\/2"}],"replies":[{"embeddable":true,"href":"https:\/\/www.kvarken.org\/fi\/wp-json\/wp\/v2\/comments?post=9129"}],"version-history":[{"count":0,"href":"https:\/\/www.kvarken.org\/fi\/wp-json\/wp\/v2\/posts\/9129\/revisions"}],"wp:featuredmedia":[{"embeddable":true,"href":"https:\/\/www.kvarken.org\/fi\/wp-json\/wp\/v2\/media\/7992"}],"wp:attachment":[{"href":"https:\/\/www.kvarken.org\/fi\/wp-json\/wp\/v2\/media?parent=9129"}],"wp:term":[{"taxonomy":"category","embeddable":true,"href":"https:\/\/www.kvarken.org\/fi\/wp-json\/wp\/v2\/categories?post=9129"},{"taxonomy":"post_tag","embeddable":true,"href":"https:\/\/www.kvarken.org\/fi\/wp-json\/wp\/v2\/tags?post=9129"},{"taxonomy":"amnen","embeddable":true,"href":"https:\/\/www.kvarken.org\/fi\/wp-json\/wp\/v2\/amnen?post=9129"}],"curies":[{"name":"wp","href":"https:\/\/api.w.org\/{rel}","templated":true}]}}