{"id":9170,"date":"2018-03-16T12:48:10","date_gmt":"2018-03-16T12:48:10","guid":{"rendered":"https:\/\/kvarken.org\/historiallinen-tapaaminen-pohjoismaisesta-infrastruktuurista\/"},"modified":"2021-03-11T22:43:20","modified_gmt":"2021-03-11T22:43:20","slug":"historiallinen-tapaaminen-pohjoismaisesta-infrastruktuurista","status":"publish","type":"post","link":"https:\/\/www.kvarken.org\/fi\/historiallinen-tapaaminen-pohjoismaisesta-infrastruktuurista\/","title":{"rendered":"Historiallinen tapaaminen pohjoismaisesta infrastruktuurista"},"content":{"rendered":"<p><em><strong>Nykyinen infrastruktuurin suunnitteluj\u00e4rjestelm\u00e4 on puutteellinen rajat ylitt\u00e4v\u00e4n n\u00e4k\u00f6kulman osalta, mik\u00e4 puolestaan est\u00e4\u00e4 it\u00e4-l\u00e4nsi-suuntaisten kuljetusten kehitt\u00e4misen Pohjoismaissa. E12 Atlantica Transport -hanke on siksi koonnut yhteen kokonaiskuvan ongelmista ja ty\u00f6st\u00e4nyt toimenpide-ehdotuksen. Hanke on nyt loppusuoralla, ja 8.3. Ruotsin, Norjan ja Suomen liikenneviranomaiset kokoontuivat ainutlaatuiseen tapaamiseen Arlandaan.<\/strong><\/em><\/p>\n<p><img decoding=\"async\" class=\" wp-image-7828 alignnone\" src=\"https:\/\/www.kvarken.org\/wp-content\/uploads\/2021\/02\/1_resizedimage600316-Arlanda-1-300x158.jpg\" alt=\"\" width=\"446\" height=\"235\" \/><br \/>\n<em>Norjan, Ruotsin ja Suomen liikenneviranomaisten edustajat kokoontuivat yhdess\u00e4 projektin johdon, Pohjoismaiden neuvoston ja Ruotsin elinkeinoel\u00e4m\u00e4n liikenneneuvoston kanssa historialliseen tapaamiseen Arlandaan 8.3.2018.8.<br \/>\n<\/em><\/p>\n<p>Hankkeen aikana on pyritty avaamaan syvemp\u00e4\u00e4 keskusteluyhteytt\u00e4 Suomen ja Ruotsin liikennevirastojen sek\u00e4 Norjan\u00a0<strong>Jernbanedirektoratetin<\/strong>\u00a0ja\u00a0<strong>Statens vegvesenin<\/strong>\u00a0kanssa rajat ylitt\u00e4v\u00e4n suunnittelun t\u00e4rkeydest\u00e4. Kaikki n\u00e4m\u00e4 organisaatiot olivat l\u00e4sn\u00e4 yhdess\u00e4 Pohjoismaiden neuvoston ja Ruotsin elinkeinoel\u00e4m\u00e4n liikenneneuvoston edustajien kanssa tapaamisessa, jota voidaan kuvailla l\u00e4hinn\u00e4 historialliseksi.<\/p>\n<p>\u2013 Pelk\u00e4st\u00e4\u00e4n se tosiasia, ett\u00e4 onnistuimme saamaan n\u00e4iden tahojen edustajat saman p\u00f6yd\u00e4n \u00e4\u00e4reen, on kertakaikkiaan fantastista,\u00a0<strong>E12 Atlantica Transport<\/strong>\u00a0-hankkeen projektip\u00e4\u00e4llikk\u00f6\u00a0<strong>Andreas Forsgren<\/strong>\u00a0iloitsee ja jatkaa:<\/p>\n<p>\u2013 Se osoittaa, ett\u00e4 kysymys on merkitt\u00e4v\u00e4, ja infrastruktuuri modernin yhteiskunnan verenkiertona on t\u00e4rke\u00e4 aihe. Nyt voimme tarkastella pelikentt\u00e4\u00e4 yhdess\u00e4. Hanketta ja sit\u00e4 pohjaa, joka hankkeen kautta on toteutettu, niit\u00e4 todella tarvittiin. Ja se ett\u00e4 olemme t\u00e4\u00e4ll\u00e4 seudullamme edell\u00e4k\u00e4vij\u00f6it\u00e4, se on merkitt\u00e4v\u00e4\u00e4.<\/p>\n<p>Hankkeessa on analysoitu kansallisia suunnitteluj\u00e4rjestelmi\u00e4 rajat ylitt\u00e4v\u00e4st\u00e4 n\u00e4k\u00f6kulmasta. P\u00e4\u00e4telmi\u00e4 on viestitty eteenp\u00e4in kunkin maan liikenneviranomaisille kansallisissa keskustelutilaisuuksissa Solnassa, Trondheimiss\u00e4 ja Helsingiss\u00e4. Nyt on olemassa yksimielisyys ja yhteinen tahto toteuttaa konkreettisia toimenpiteit\u00e4, jotta voidaan luoda entist\u00e4 enemm\u00e4n rajat ylitt\u00e4v\u00e4 n\u00e4kemys.<\/p>\n<p>Ennen p\u00e4\u00e4tostapaamista Arlandassa, on kansallisissa tapaamisissa esiin tulleet n\u00e4k\u00f6kulmat lis\u00e4tty keskustelumateriaaliin. Tapaamisen tavoitteena oli esitell\u00e4 ja keskustella toimenpiteist\u00e4, joita ehdotetaan v\u00e4hent\u00e4m\u00e4\u00e4n rajaesteit\u00e4, joita nykyp\u00e4iv\u00e4n kansalliset j\u00e4rjestelm\u00e4t aiheuttavat.<\/p>\n<p>\u2013 Arlandan tapaaminen k\u00e4sitteli toiveiden paketoimista yhteen, selitt\u00e4\u00e4\u00a0<strong>Jerker Sj\u00f6gren<\/strong>, Jesjo Konsult, joka toimii hankkeen konsulttina. \u2013 Yhteinen kuva nykytilasta ja positiivinen yhteisn\u00e4kemys rajat ylitt\u00e4v\u00e4n suunnittelun t\u00e4rkeydest\u00e4 on luotu, ja nyt elinkeinoel\u00e4m\u00e4, rajakomiteat sek\u00e4 Pohjoismaiden neuvosto voivat tehd\u00e4 omat osuutensa asian painottamiseksi.<\/p>\n<p>\u2013 Samanaikaisesti tarvitaan hallituksen antamaa teht\u00e4v\u00e4\u00e4, jotta voidaan edet\u00e4. Pohjoismaisen viranomaisyhteisty\u00f6n ty\u00f6ryhm\u00e4, joka sai alkunsa viime vuonna, on hyv\u00e4 alku, Sj\u00f6gren toteaa ja lis\u00e4\u00e4 tapaamisen j\u00e4lkeen, ett\u00e4 se ylitti h\u00e4nen odotuksensa.<\/p>\n<p>Sj\u00f6gren on vakuuttunut siit\u00e4, ett\u00e4 yksitt\u00e4isill\u00e4 ministereill\u00e4 on kiinnostusta asiaa kohtaan, mutta ongelmana on se, ettei asiaa ole hallituksen tasolla j\u00e4sennelty.<br \/>\n\u2013 Olemme esitt\u00e4neet konkreettisia ehdotuksia, jotka on otettu hyvin vastaan, ja nyt on hyv\u00e4t edellytykset edet\u00e4 kysymyksen kanssa. Mutta matka toteuttamiseen on viel\u00e4 pitk\u00e4, eiv\u00e4tk\u00e4 hyvintahtoiset lausunnot poliitikkotasolta en\u00e4\u00e4 riit\u00e4, Sj\u00f6gren toteaa.<\/p>\n<p>Uumajan yliopiston tutkija\u00a0<strong>Jonas Westin<\/strong>, joka on my\u00f6s mukana E12 Atlantica Transport -hankkeessa, jatkaa:<br \/>\n\u2013 Eduskunnat ja hallitukset tekev\u00e4t kansallisia p\u00e4\u00e4t\u00f6ksi\u00e4 kansallisen tiedon ja tilastojen perusteella. Kahdenv\u00e4lisiin neuvotteluihin ja p\u00e4\u00e4t\u00f6ksiin tarvitaan kokonaan erilainen p\u00e4\u00e4t\u00f6spohja, mik\u00e4 taas vaatii uusia menetelmi\u00e4, tietopohjaa ja ty\u00f6kaluja.<\/p>\n<p>Forsgren, Sj\u00f6gren ja Westin olivat kaikki eritt\u00e4in tyytyv\u00e4isi\u00e4 tapaamisen j\u00e4lkeen.<br \/>\n\u2013 Tuntuu todella hyv\u00e4lt\u00e4. Yhteinen n\u00e4k\u00f6kulma ongelmakuvaan on edellytys sille, ett\u00e4 rajaseudut ja it\u00e4-l\u00e4nsisuuntaiset kuljetukset voisivat kehitty\u00e4 samoin ehdoin kuin pohjois-etel\u00e4suuntaiset. Sen tavoitteen olemme nyt saavuttaneet.\u2028\u2028Teksti ja kuvat: Anna Sand\u2028Suomennos: VASEK<\/p>\n<p><img decoding=\"async\" class=\" wp-image-7825 alignnone\" src=\"https:\/\/www.kvarken.org\/wp-content\/uploads\/2021\/02\/resizedimage600433-Arlanda-17-300x217.jpg\" alt=\"\" width=\"400\" height=\"289\" \/><br \/>\n<em>Jonas Westin, Jerker Sj\u00f6gren ja Andreas Forsgren olivat eritt\u00e4in tyytyv\u00e4isi\u00e4 tapaamiseen ja siihen, mit\u00e4 projektin aikana on aikaansaat<\/em><\/p>\n<p>Text och foto: Anna Sand<\/p>\n<p>&nbsp;<\/p>\n<p><img decoding=\"async\" class=\"size-medium wp-image-7529 alignnone\" src=\"https:\/\/www.kvarken.org\/wp-content\/uploads\/2021\/02\/resizedimage34998-Intrerreg-BA-ENG-RGB2-300x84.png\" alt=\"\" width=\"300\" height=\"84\" \/><\/p>\n<p><em>E12 Atlantica Transport &#8211; E12-liikennek\u00e4yt\u00e4v\u00e4n varrella vaikuttavien suomalaisten, ruotsalaisten ja norjalaisten kumppaneiden yhteisty\u00f6hanke, joka keskittyy toimivaan rahdin ja matkustajien kuljetusv\u00e4yl\u00e4\u00e4n, yhteisiin valtionrajat ylitt\u00e4vien strategioiden suunnittelun sek\u00e4 tulevaisuuden yhteisty\u00f6muotoihin.<\/em><\/p>\n<p><em>Hankkeen E12 Atlantica Transport kumppanit<\/em><br \/>\n<em>Merenkurkun neuvosto (Lead Part, FI), MidtSkandia (NO), Bl\u00e5 V\u00e4gen (SE) Region V\u00e4sterbotten (SE), Pohjanmaan liitt (FI), Nordland fylkeskommune (NO), Vaasanseudun Kehitys OY VASEK (FI), Uumajan kunta (SE), V\u00e4nn\u00e4sin kunta (SE), Vindelnin kunta (SE), Lyckselen kunta (SE), Storumanin kunta (SE), Infrastruktur i Ume\u00e5 AB INAB (SE), Rana Utviklingsselskap AS (NO), Ranan kunta (NO), Polarcirkeln lyfthavnsutvikling (NO), Mo i Rana Havn (NO), Mo Industripark AS (NO), Alstahaug havnevesen KF (NO), Helgeland Havn IKS (NO)<\/em><\/p>\n","protected":false},"excerpt":{"rendered":"<p>Nykyinen infrastruktuurin suunnitteluj\u00e4rjestelm\u00e4 on puutteellinen rajat ylitt\u00e4v\u00e4n n\u00e4k\u00f6kulman osalta, mik\u00e4 puolestaan est\u00e4\u00e4 it\u00e4-l\u00e4nsi-suuntaisten kuljetusten kehitt\u00e4misen Pohjoismaissa. E12 Atlantica Transport -hanke on siksi koonnut yhteen kokonaiskuvan ongelmista ja ty\u00f6st\u00e4nyt toimenpide-ehdotuksen.<\/p>\n","protected":false},"author":2,"featured_media":8009,"comment_status":"open","ping_status":"open","sticky":false,"template":"","format":"standard","meta":{"_acf_changed":false,"_et_pb_use_builder":"","_et_pb_old_content":"","_et_gb_content_width":"","footnotes":""},"categories":[13],"tags":[],"amnen":[56,86],"class_list":["post-9170","post","type-post","status-publish","format-standard","has-post-thumbnail","hentry","category-uncategorized-fi","amnen-infrastruktuuri","amnen-yhteistyomuodot-fi"],"acf":[],"yoast_head":"<!-- This site is optimized with the Yoast SEO plugin v27.4 - https:\/\/yoast.com\/product\/yoast-seo-wordpress\/ -->\n<title>Historiallinen tapaaminen pohjoismaisesta infrastruktuurista - Kvarkenr\u00e5det<\/title>\n<meta name=\"robots\" content=\"index, follow, max-snippet:-1, max-image-preview:large, max-video-preview:-1\" \/>\n<link rel=\"canonical\" href=\"https:\/\/www.kvarken.org\/fi\/historiallinen-tapaaminen-pohjoismaisesta-infrastruktuurista\/\" \/>\n<meta property=\"og:locale\" content=\"fi_FI\" \/>\n<meta property=\"og:type\" content=\"article\" \/>\n<meta property=\"og:title\" content=\"Historiallinen tapaaminen pohjoismaisesta infrastruktuurista - Kvarkenr\u00e5det\" \/>\n<meta property=\"og:description\" content=\"Nykyinen infrastruktuurin suunnitteluj\u00e4rjestelm\u00e4 on puutteellinen rajat ylitt\u00e4v\u00e4n n\u00e4k\u00f6kulman osalta, mik\u00e4 puolestaan est\u00e4\u00e4 it\u00e4-l\u00e4nsi-suuntaisten kuljetusten kehitt\u00e4misen Pohjoismaissa. E12 Atlantica Transport -hanke on siksi koonnut yhteen kokonaiskuvan ongelmista ja ty\u00f6st\u00e4nyt toimenpide-ehdotuksen.\" \/>\n<meta property=\"og:url\" content=\"https:\/\/www.kvarken.org\/fi\/historiallinen-tapaaminen-pohjoismaisesta-infrastruktuurista\/\" \/>\n<meta property=\"og:site_name\" content=\"Kvarkenr\u00e5det\" \/>\n<meta property=\"article:published_time\" content=\"2018-03-16T12:48:10+00:00\" \/>\n<meta property=\"article:modified_time\" content=\"2021-03-11T22:43:20+00:00\" \/>\n<meta property=\"og:image\" content=\"https:\/\/www.kvarken.org\/wp-content\/uploads\/2021\/02\/resizedimage600316-Arlanda-1.jpg\" \/>\n\t<meta property=\"og:image:width\" content=\"600\" \/>\n\t<meta property=\"og:image:height\" content=\"316\" \/>\n\t<meta property=\"og:image:type\" content=\"image\/jpeg\" \/>\n<meta name=\"author\" content=\"jokommunikation_agency\" \/>\n<meta name=\"twitter:card\" content=\"summary_large_image\" \/>\n<meta name=\"twitter:label1\" content=\"Kirjoittanut\" \/>\n\t<meta name=\"twitter:data1\" content=\"jokommunikation_agency\" \/>\n\t<meta name=\"twitter:label2\" content=\"Arvioitu lukuaika\" \/>\n\t<meta name=\"twitter:data2\" content=\"4 minuuttia\" \/>\n<script type=\"application\/ld+json\" class=\"yoast-schema-graph\">{\"@context\":\"https:\\\/\\\/schema.org\",\"@graph\":[{\"@type\":\"Article\",\"@id\":\"https:\\\/\\\/www.kvarken.org\\\/fi\\\/historiallinen-tapaaminen-pohjoismaisesta-infrastruktuurista\\\/#article\",\"isPartOf\":{\"@id\":\"https:\\\/\\\/www.kvarken.org\\\/fi\\\/historiallinen-tapaaminen-pohjoismaisesta-infrastruktuurista\\\/\"},\"author\":{\"name\":\"jokommunikation_agency\",\"@id\":\"https:\\\/\\\/www.kvarken.org\\\/fi\\\/#\\\/schema\\\/person\\\/c0191caa861afff47bc50292a6905da2\"},\"headline\":\"Historiallinen tapaaminen pohjoismaisesta infrastruktuurista\",\"datePublished\":\"2018-03-16T12:48:10+00:00\",\"dateModified\":\"2021-03-11T22:43:20+00:00\",\"mainEntityOfPage\":{\"@id\":\"https:\\\/\\\/www.kvarken.org\\\/fi\\\/historiallinen-tapaaminen-pohjoismaisesta-infrastruktuurista\\\/\"},\"wordCount\":685,\"commentCount\":0,\"image\":{\"@id\":\"https:\\\/\\\/www.kvarken.org\\\/fi\\\/historiallinen-tapaaminen-pohjoismaisesta-infrastruktuurista\\\/#primaryimage\"},\"thumbnailUrl\":\"https:\\\/\\\/www.kvarken.org\\\/wp-content\\\/uploads\\\/2021\\\/02\\\/resizedimage600316-Arlanda-1.jpg\",\"articleSection\":[\"Uncategorized @fi\"],\"inLanguage\":\"fi\",\"potentialAction\":[{\"@type\":\"CommentAction\",\"name\":\"Comment\",\"target\":[\"https:\\\/\\\/www.kvarken.org\\\/fi\\\/historiallinen-tapaaminen-pohjoismaisesta-infrastruktuurista\\\/#respond\"]}]},{\"@type\":\"WebPage\",\"@id\":\"https:\\\/\\\/www.kvarken.org\\\/fi\\\/historiallinen-tapaaminen-pohjoismaisesta-infrastruktuurista\\\/\",\"url\":\"https:\\\/\\\/www.kvarken.org\\\/fi\\\/historiallinen-tapaaminen-pohjoismaisesta-infrastruktuurista\\\/\",\"name\":\"Historiallinen tapaaminen pohjoismaisesta infrastruktuurista - Kvarkenr\u00e5det\",\"isPartOf\":{\"@id\":\"https:\\\/\\\/www.kvarken.org\\\/fi\\\/#website\"},\"primaryImageOfPage\":{\"@id\":\"https:\\\/\\\/www.kvarken.org\\\/fi\\\/historiallinen-tapaaminen-pohjoismaisesta-infrastruktuurista\\\/#primaryimage\"},\"image\":{\"@id\":\"https:\\\/\\\/www.kvarken.org\\\/fi\\\/historiallinen-tapaaminen-pohjoismaisesta-infrastruktuurista\\\/#primaryimage\"},\"thumbnailUrl\":\"https:\\\/\\\/www.kvarken.org\\\/wp-content\\\/uploads\\\/2021\\\/02\\\/resizedimage600316-Arlanda-1.jpg\",\"datePublished\":\"2018-03-16T12:48:10+00:00\",\"dateModified\":\"2021-03-11T22:43:20+00:00\",\"author\":{\"@id\":\"https:\\\/\\\/www.kvarken.org\\\/fi\\\/#\\\/schema\\\/person\\\/c0191caa861afff47bc50292a6905da2\"},\"breadcrumb\":{\"@id\":\"https:\\\/\\\/www.kvarken.org\\\/fi\\\/historiallinen-tapaaminen-pohjoismaisesta-infrastruktuurista\\\/#breadcrumb\"},\"inLanguage\":\"fi\",\"potentialAction\":[{\"@type\":\"ReadAction\",\"target\":[\"https:\\\/\\\/www.kvarken.org\\\/fi\\\/historiallinen-tapaaminen-pohjoismaisesta-infrastruktuurista\\\/\"]}]},{\"@type\":\"ImageObject\",\"inLanguage\":\"fi\",\"@id\":\"https:\\\/\\\/www.kvarken.org\\\/fi\\\/historiallinen-tapaaminen-pohjoismaisesta-infrastruktuurista\\\/#primaryimage\",\"url\":\"https:\\\/\\\/www.kvarken.org\\\/wp-content\\\/uploads\\\/2021\\\/02\\\/resizedimage600316-Arlanda-1.jpg\",\"contentUrl\":\"https:\\\/\\\/www.kvarken.org\\\/wp-content\\\/uploads\\\/2021\\\/02\\\/resizedimage600316-Arlanda-1.jpg\",\"width\":600,\"height\":316},{\"@type\":\"BreadcrumbList\",\"@id\":\"https:\\\/\\\/www.kvarken.org\\\/fi\\\/historiallinen-tapaaminen-pohjoismaisesta-infrastruktuurista\\\/#breadcrumb\",\"itemListElement\":[{\"@type\":\"ListItem\",\"position\":1,\"name\":\"Hem\",\"item\":\"https:\\\/\\\/www.kvarken.org\\\/fi\\\/\"},{\"@type\":\"ListItem\",\"position\":2,\"name\":\"Historiallinen tapaaminen pohjoismaisesta infrastruktuurista\"}]},{\"@type\":\"WebSite\",\"@id\":\"https:\\\/\\\/www.kvarken.org\\\/fi\\\/#website\",\"url\":\"https:\\\/\\\/www.kvarken.org\\\/fi\\\/\",\"name\":\"Kvarkenr\u00e5det\",\"description\":\"\",\"potentialAction\":[{\"@type\":\"SearchAction\",\"target\":{\"@type\":\"EntryPoint\",\"urlTemplate\":\"https:\\\/\\\/www.kvarken.org\\\/fi\\\/?s={search_term_string}\"},\"query-input\":{\"@type\":\"PropertyValueSpecification\",\"valueRequired\":true,\"valueName\":\"search_term_string\"}}],\"inLanguage\":\"fi\"},{\"@type\":\"Person\",\"@id\":\"https:\\\/\\\/www.kvarken.org\\\/fi\\\/#\\\/schema\\\/person\\\/c0191caa861afff47bc50292a6905da2\",\"name\":\"jokommunikation_agency\",\"image\":{\"@type\":\"ImageObject\",\"inLanguage\":\"fi\",\"@id\":\"https:\\\/\\\/secure.gravatar.com\\\/avatar\\\/747179557db7fa831269f4829d55b0109a7684b8dd784a3f8f606bce8610f828?s=96&d=mm&r=g\",\"url\":\"https:\\\/\\\/secure.gravatar.com\\\/avatar\\\/747179557db7fa831269f4829d55b0109a7684b8dd784a3f8f606bce8610f828?s=96&d=mm&r=g\",\"contentUrl\":\"https:\\\/\\\/secure.gravatar.com\\\/avatar\\\/747179557db7fa831269f4829d55b0109a7684b8dd784a3f8f606bce8610f828?s=96&d=mm&r=g\",\"caption\":\"jokommunikation_agency\"}}]}<\/script>\n<!-- \/ Yoast SEO plugin. -->","yoast_head_json":{"title":"Historiallinen tapaaminen pohjoismaisesta infrastruktuurista - Kvarkenr\u00e5det","robots":{"index":"index","follow":"follow","max-snippet":"max-snippet:-1","max-image-preview":"max-image-preview:large","max-video-preview":"max-video-preview:-1"},"canonical":"https:\/\/www.kvarken.org\/fi\/historiallinen-tapaaminen-pohjoismaisesta-infrastruktuurista\/","og_locale":"fi_FI","og_type":"article","og_title":"Historiallinen tapaaminen pohjoismaisesta infrastruktuurista - Kvarkenr\u00e5det","og_description":"Nykyinen infrastruktuurin suunnitteluj\u00e4rjestelm\u00e4 on puutteellinen rajat ylitt\u00e4v\u00e4n n\u00e4k\u00f6kulman osalta, mik\u00e4 puolestaan est\u00e4\u00e4 it\u00e4-l\u00e4nsi-suuntaisten kuljetusten kehitt\u00e4misen Pohjoismaissa. E12 Atlantica Transport -hanke on siksi koonnut yhteen kokonaiskuvan ongelmista ja ty\u00f6st\u00e4nyt toimenpide-ehdotuksen.","og_url":"https:\/\/www.kvarken.org\/fi\/historiallinen-tapaaminen-pohjoismaisesta-infrastruktuurista\/","og_site_name":"Kvarkenr\u00e5det","article_published_time":"2018-03-16T12:48:10+00:00","article_modified_time":"2021-03-11T22:43:20+00:00","og_image":[{"width":600,"height":316,"url":"https:\/\/www.kvarken.org\/wp-content\/uploads\/2021\/02\/resizedimage600316-Arlanda-1.jpg","type":"image\/jpeg"}],"author":"jokommunikation_agency","twitter_card":"summary_large_image","twitter_misc":{"Kirjoittanut":"jokommunikation_agency","Arvioitu lukuaika":"4 minuuttia"},"schema":{"@context":"https:\/\/schema.org","@graph":[{"@type":"Article","@id":"https:\/\/www.kvarken.org\/fi\/historiallinen-tapaaminen-pohjoismaisesta-infrastruktuurista\/#article","isPartOf":{"@id":"https:\/\/www.kvarken.org\/fi\/historiallinen-tapaaminen-pohjoismaisesta-infrastruktuurista\/"},"author":{"name":"jokommunikation_agency","@id":"https:\/\/www.kvarken.org\/fi\/#\/schema\/person\/c0191caa861afff47bc50292a6905da2"},"headline":"Historiallinen tapaaminen pohjoismaisesta infrastruktuurista","datePublished":"2018-03-16T12:48:10+00:00","dateModified":"2021-03-11T22:43:20+00:00","mainEntityOfPage":{"@id":"https:\/\/www.kvarken.org\/fi\/historiallinen-tapaaminen-pohjoismaisesta-infrastruktuurista\/"},"wordCount":685,"commentCount":0,"image":{"@id":"https:\/\/www.kvarken.org\/fi\/historiallinen-tapaaminen-pohjoismaisesta-infrastruktuurista\/#primaryimage"},"thumbnailUrl":"https:\/\/www.kvarken.org\/wp-content\/uploads\/2021\/02\/resizedimage600316-Arlanda-1.jpg","articleSection":["Uncategorized @fi"],"inLanguage":"fi","potentialAction":[{"@type":"CommentAction","name":"Comment","target":["https:\/\/www.kvarken.org\/fi\/historiallinen-tapaaminen-pohjoismaisesta-infrastruktuurista\/#respond"]}]},{"@type":"WebPage","@id":"https:\/\/www.kvarken.org\/fi\/historiallinen-tapaaminen-pohjoismaisesta-infrastruktuurista\/","url":"https:\/\/www.kvarken.org\/fi\/historiallinen-tapaaminen-pohjoismaisesta-infrastruktuurista\/","name":"Historiallinen tapaaminen pohjoismaisesta infrastruktuurista - Kvarkenr\u00e5det","isPartOf":{"@id":"https:\/\/www.kvarken.org\/fi\/#website"},"primaryImageOfPage":{"@id":"https:\/\/www.kvarken.org\/fi\/historiallinen-tapaaminen-pohjoismaisesta-infrastruktuurista\/#primaryimage"},"image":{"@id":"https:\/\/www.kvarken.org\/fi\/historiallinen-tapaaminen-pohjoismaisesta-infrastruktuurista\/#primaryimage"},"thumbnailUrl":"https:\/\/www.kvarken.org\/wp-content\/uploads\/2021\/02\/resizedimage600316-Arlanda-1.jpg","datePublished":"2018-03-16T12:48:10+00:00","dateModified":"2021-03-11T22:43:20+00:00","author":{"@id":"https:\/\/www.kvarken.org\/fi\/#\/schema\/person\/c0191caa861afff47bc50292a6905da2"},"breadcrumb":{"@id":"https:\/\/www.kvarken.org\/fi\/historiallinen-tapaaminen-pohjoismaisesta-infrastruktuurista\/#breadcrumb"},"inLanguage":"fi","potentialAction":[{"@type":"ReadAction","target":["https:\/\/www.kvarken.org\/fi\/historiallinen-tapaaminen-pohjoismaisesta-infrastruktuurista\/"]}]},{"@type":"ImageObject","inLanguage":"fi","@id":"https:\/\/www.kvarken.org\/fi\/historiallinen-tapaaminen-pohjoismaisesta-infrastruktuurista\/#primaryimage","url":"https:\/\/www.kvarken.org\/wp-content\/uploads\/2021\/02\/resizedimage600316-Arlanda-1.jpg","contentUrl":"https:\/\/www.kvarken.org\/wp-content\/uploads\/2021\/02\/resizedimage600316-Arlanda-1.jpg","width":600,"height":316},{"@type":"BreadcrumbList","@id":"https:\/\/www.kvarken.org\/fi\/historiallinen-tapaaminen-pohjoismaisesta-infrastruktuurista\/#breadcrumb","itemListElement":[{"@type":"ListItem","position":1,"name":"Hem","item":"https:\/\/www.kvarken.org\/fi\/"},{"@type":"ListItem","position":2,"name":"Historiallinen tapaaminen pohjoismaisesta infrastruktuurista"}]},{"@type":"WebSite","@id":"https:\/\/www.kvarken.org\/fi\/#website","url":"https:\/\/www.kvarken.org\/fi\/","name":"Kvarkenr\u00e5det","description":"","potentialAction":[{"@type":"SearchAction","target":{"@type":"EntryPoint","urlTemplate":"https:\/\/www.kvarken.org\/fi\/?s={search_term_string}"},"query-input":{"@type":"PropertyValueSpecification","valueRequired":true,"valueName":"search_term_string"}}],"inLanguage":"fi"},{"@type":"Person","@id":"https:\/\/www.kvarken.org\/fi\/#\/schema\/person\/c0191caa861afff47bc50292a6905da2","name":"jokommunikation_agency","image":{"@type":"ImageObject","inLanguage":"fi","@id":"https:\/\/secure.gravatar.com\/avatar\/747179557db7fa831269f4829d55b0109a7684b8dd784a3f8f606bce8610f828?s=96&d=mm&r=g","url":"https:\/\/secure.gravatar.com\/avatar\/747179557db7fa831269f4829d55b0109a7684b8dd784a3f8f606bce8610f828?s=96&d=mm&r=g","contentUrl":"https:\/\/secure.gravatar.com\/avatar\/747179557db7fa831269f4829d55b0109a7684b8dd784a3f8f606bce8610f828?s=96&d=mm&r=g","caption":"jokommunikation_agency"}}]}},"_links":{"self":[{"href":"https:\/\/www.kvarken.org\/fi\/wp-json\/wp\/v2\/posts\/9170","targetHints":{"allow":["GET"]}}],"collection":[{"href":"https:\/\/www.kvarken.org\/fi\/wp-json\/wp\/v2\/posts"}],"about":[{"href":"https:\/\/www.kvarken.org\/fi\/wp-json\/wp\/v2\/types\/post"}],"author":[{"embeddable":true,"href":"https:\/\/www.kvarken.org\/fi\/wp-json\/wp\/v2\/users\/2"}],"replies":[{"embeddable":true,"href":"https:\/\/www.kvarken.org\/fi\/wp-json\/wp\/v2\/comments?post=9170"}],"version-history":[{"count":0,"href":"https:\/\/www.kvarken.org\/fi\/wp-json\/wp\/v2\/posts\/9170\/revisions"}],"wp:featuredmedia":[{"embeddable":true,"href":"https:\/\/www.kvarken.org\/fi\/wp-json\/wp\/v2\/media\/8009"}],"wp:attachment":[{"href":"https:\/\/www.kvarken.org\/fi\/wp-json\/wp\/v2\/media?parent=9170"}],"wp:term":[{"taxonomy":"category","embeddable":true,"href":"https:\/\/www.kvarken.org\/fi\/wp-json\/wp\/v2\/categories?post=9170"},{"taxonomy":"post_tag","embeddable":true,"href":"https:\/\/www.kvarken.org\/fi\/wp-json\/wp\/v2\/tags?post=9170"},{"taxonomy":"amnen","embeddable":true,"href":"https:\/\/www.kvarken.org\/fi\/wp-json\/wp\/v2\/amnen?post=9170"}],"curies":[{"name":"wp","href":"https:\/\/api.w.org\/{rel}","templated":true}]}}