{"id":9203,"date":"2017-12-20T06:46:47","date_gmt":"2017-12-20T06:46:47","guid":{"rendered":"https:\/\/kvarken.org\/hankevetaja-marianne-sjostromin-tervehdys\/"},"modified":"2021-03-11T13:52:46","modified_gmt":"2021-03-11T13:52:46","slug":"hankevetaja-marianne-sjostromin-tervehdys","status":"publish","type":"post","link":"https:\/\/www.kvarken.org\/fi\/hankevetaja-marianne-sjostromin-tervehdys\/","title":{"rendered":"Hankevet\u00e4j\u00e4 Marianne Sj\u00f6str\u00f6min tervehdys"},"content":{"rendered":"<p>[et_pb_section fb_built=&#8221;1&#8243; admin_label=&#8221;section&#8221; _builder_version=&#8221;3.22&#8243;][et_pb_row admin_label=&#8221;row&#8221; _builder_version=&#8221;3.25&#8243; background_size=&#8221;initial&#8221; background_position=&#8221;top_left&#8221; background_repeat=&#8221;repeat&#8221;][et_pb_column type=&#8221;4_4&#8243; _builder_version=&#8221;3.25&#8243; custom_padding=&#8221;|||&#8221; custom_padding__hover=&#8221;|||&#8221;][et_pb_text admin_label=&#8221;Text&#8221; _builder_version=&#8221;4.9.1&#8243; background_size=&#8221;initial&#8221; background_position=&#8221;top_left&#8221; background_repeat=&#8221;repeat&#8221; hover_enabled=&#8221;0&#8243; sticky_enabled=&#8221;0&#8243;]<\/p>\n<p>Spotlightin vuosi on ollut moninainen ja sis\u00e4lt\u00e4nyt erilaisia markkinointitilaisuuksia, joissa olemme esitelleet raja-alueellista tuotepakettiamme ja yhteist\u00e4 aluettamme niin kansallisille kuin kansainv\u00e4lisillekin vierailijoille.<\/p>\n<p>Olemme havainneet hankkeen kuluessa ja etenkin t\u00e4n\u00e4 vuonna osallistuttuamme moniin myyntitapahtumiin, kuinka meid\u00e4t n\u00e4hd\u00e4\u00e4n ulkomailla yhten\u00e4 matkakohteena vaikka itse asiassa olemme kaksi maata ja kolme matkakohdetta. Yhteinen maailmanperint\u00f6mme on t\u00e4rke\u00e4 USP (unique selling point). Raja-alueellista tuotepaketointia edist\u00e4\u00e4 lis\u00e4ksi maidemme v\u00e4linen lyhyt laivayhteys, mit\u00e4 matkanj\u00e4rjest\u00e4j\u00e4t pit\u00e4v\u00e4t isona etuna. My\u00f6nteinen vastaanotto kertoo, ett\u00e4 me olemme oikealla tiell\u00e4 ja ett\u00e4 yhteisesiintyminen ja aloittamamme ty\u00f6n jatkaminen avaa suuria mahdollisuuksia.<\/p>\n<p>Bonustuloksena \u2013 josta olemme todella ylpeit\u00e4 ja jota emme osanneet odottaa hanketta suunniteltaessa \u2013 olemme onnistuneet vakiinnuttamaan yhteisty\u00f6n useiden saksalaisten matkanj\u00e4rjest\u00e4jien ja yhden skandinaavisen incoming-toimiston\/tukkumyyj\u00e4n kanssa, jotka myyv\u00e4t hankkeessa kehitt\u00e4mi\u00e4mme tuotteita edelleen loppuasiakkaille.<\/p>\n<p>Aloitimme viime kes\u00e4n\u00e4 filmituotannon, jonka tuloksena syntyy viisi lyhytelokuvaa. Ne liitt\u00e4v\u00e4t matkakohteemme kauniiksi ja myyv\u00e4ksi paketiksi, kokonaisuudeksi, joka t\u00e4ydent\u00e4\u00e4 hienosti tuotepakettiemme markkinointia. Olemme t\u00e4m\u00e4n menness\u00e4 julkaisseet kaksi kes\u00e4filmi\u00e4 ja yhden syksyfilmin, seuraavana vuorossa on talvifilmi sek\u00e4 best of all seasons -filmi. Ne j\u00e4\u00e4v\u00e4t hankkeen arvokkaana tuloksena k\u00e4ytt\u00f6\u00f6n ja niill\u00e4 voidaan jatkaa alueemme matkailunedist\u00e4mist\u00e4 tulevaisuudessakin (<a href=\"https:\/\/www.kvarken.org\/fi\/yhteisella-filmituotannolla-kansainvalisille-markkinoille\/\" target=\"_blank\" rel=\"noopener\">katso t\u00e4h\u00e4n menness\u00e4 julkaistut filmit T\u00c4ST\u00c4<\/a>).<\/p>\n<p>Olemme vuoden mittaan j\u00e4rjest\u00e4neet my\u00f6s kaksi seminaaria Vaasanseudun, Uumajanseudun ja Korkean rannikon matkailualan yritt\u00e4jille ja toimijoille. Toukokuussa pidetyn matkailualan seminaarin teemoina olivat kest\u00e4v\u00e4 matkailu, is\u00e4nnyys, kansainv\u00e4listyminen ja yhteisty\u00f6. Lokakuussa laivalla pidetyn seminaarin osallistujat saivat kuulla innostavia luennoitsijoita, jotka ovat samalla menestyvi\u00e4 ja innovatiivisia yritt\u00e4ji\u00e4 Korkealta rannikolta, Uumajanseudulta ja Vaasanseudulta. Seminaarin teema liittyi tavaramerkin rakentamiseen ja markkinointiin, miten tuotteet on onnistuttu paketoimaan menestyksekk\u00e4\u00e4sti, ja lis\u00e4ksi luennoitsijoiden ja osallistujien verkostoitumiseen ja kontaktien luomiseen annettiin runsaasti aikaa.<\/p>\n<p>T\u00e4m\u00e4n lis\u00e4ksi hankkeessa on julkaistu Maailmanperint\u00f6menyy \u201dMakuja maailmanperinn\u00f6st\u00e4\u201d, joka sai todella my\u00f6nteisen vastaanoton Wasa Express -laivalla syksyll\u00e4 2016 j\u00e4rjestetyss\u00e4 tarjoilussa. Julkaisusta, sek\u00e4 paperisena ett\u00e4 digitaalisena, tuli eritt\u00e4in onnistunut ja houkutteleva, ja se on saanut runsaasti positiivista palautetta (<a href=\"https:\/\/issuu.com\/bocksoffice\/docs\/kvarken_receptbok_\" target=\"_blank\" rel=\"noopener\">digiversio l\u00f6ytyy T\u00c4ST\u00c4<\/a>).<\/p>\n<p>Vuoden 2017 tapahtumat:<br \/>&#8211; Matka Workshop Day ja MATKA 2017 \u2013 tammikuu<br \/>&#8211; Seniorip\u00e4iv\u00e4 ja Saaristomessut Tukholma \u2013 toukokuu<br \/>&#8211; Swedish Workshop Hamburg \u2013 toukokuu<br \/>&#8211; Elinkeinoel\u00e4m\u00e4n seminaari Wasa Express\/Uumaja \u2013 toukokuu<br \/>&#8211; Maailmanperint\u00f6menyy \u2013 Makuja maailmanperinn\u00f6st\u00e4 julkaistaan painettuna ja digitaalisena \u2013 syyskuu<br \/>&#8211; Stockholm Helsinki B2B Travel Show \u2013 syyskuu<br \/>&#8211; Visit Finland\/Sales Run \u2013 Dusseldorf, K\u00f6ln, Frankfurt \u2013 lokakuu<br \/>&#8211; Elinkeinoel\u00e4m\u00e4n seminaari Wasa Express \u2013 lokakuu<br \/>&#8211; Filmituotanto \u2013 3 filmi\u00e4 \u2013 kes\u00e4\/syksy<br \/>&#8211; Pakettituotanto (yhteens\u00e4 10 pakettia)<br \/>&#8211; J\u00e4lleenmyyj\u00e4t: Cities+Tours\/Haman Group, Wikinger Reisen, Zonista, Top Nord<\/p>\n<p><strong><em>Olen ylpe\u00e4 ja iloinen hankekumppanien keskin\u00e4isest\u00e4 yhteisty\u00f6st\u00e4 sek\u00e4 yhteisty\u00f6st\u00e4 matkailuyhti\u00f6iden, Wasalinen ja kaikkien hankkeeseen osallistuneiden yritysten ja muiden sidosryhmien kanssa.<\/em><\/strong><\/p>\n<p><strong><em>Hyv\u00e4\u00e4 Joulua ja Onnellista Uutta Vuotta sek\u00e4 kiitos hyv\u00e4st\u00e4 yhteisty\u00f6st\u00e4 v. 2017!<\/em><\/strong><\/p>\n<p>Marianne Sj\u00f6str\u00f6m<br \/>Hankevet\u00e4j\u00e4<br \/>Spotlight High-Low Coast<br \/>Merenkurkun neuvosto<\/p>\n<p>&nbsp;<\/p>\n<p><img decoding=\"async\" class=\" leftAlone\" title=\"\" src=\"https:\/\/web4.creamarketing.com\/kvarken.org\/assets\/Uploads\/_resampled\/resizedimage332102-Intrerreg-BA-FI-RGB.jpg\" alt=\"Intrerreg-BA-FI-RGB.jpg\" width=\"332\" height=\"102\" \/><\/p>\n<p>High\u2013Low Coast -hanke saa EU-rahoitusta INTERREG Botnia\u2013Atlantica-ohjelman kautta. Hanke on valtionrajat ylitt\u00e4v\u00e4 maailmanperint\u00f6- ja matkailuhanke, joka pyrkii luomaan tuotepaketteja ja markkinointimateriaaleja vierailijoiden houkuttelemiseksi Korkean Rannikon\/Merenkurkun saariston maailmanperint\u00f6alueelle ja sen l\u00e4hiseuduille kest\u00e4v\u00e4ll\u00e4 tavalla.<\/p>\n<p>Hankeaika p\u00e4\u00e4ttyy 31.5.2018.<\/p>\n<p>[\/et_pb_text][\/et_pb_column][\/et_pb_row][\/et_pb_section]<\/p>\n","protected":false},"excerpt":{"rendered":"<p>Spotlightin vuosi on ollut moninainen ja sis\u00e4lt\u00e4nyt erilaisia markkinointitilaisuuksia, joissa olemme esitelleet raja-alueellista tuotepakettiamme ja yhteist\u00e4 aluettamme niin kansallisille kuin kansainv\u00e4lisillekin vierailijoille.<\/p>\n","protected":false},"author":2,"featured_media":5455,"comment_status":"open","ping_status":"open","sticky":false,"template":"","format":"standard","meta":{"_acf_changed":false,"_et_pb_use_builder":"on","_et_pb_old_content":"Spotlight har haft ett h\u00e4ndelserikt \u00e5r med olika marknadsf\u00f6ringsevent d\u00e4r vi presenterat v\u00e5ra gr\u00e4nsregionala produktpaket samt v\u00e5r gemensamma region till bes\u00f6kare utifr\u00e5n, b\u00e5de nationellt och internationellt.\r\n\r\nDet som vi upplevt under projekttiden, men speciellt i \u00e5r d\u00e5 vi deltagit i m\u00e5nga s\u00e4ljevent, \u00e4r att vi utomlands ses som en enda destination, \u00e4ven om vi \u00e4r tv\u00e5 l\u00e4nder som omfattar tre destinationer. Att vi dessutom delar ett v\u00e4rldsarv \u00e4r en viktigt USP (unique selling point). D\u00e4rut\u00f6ver gynnas den gr\u00e4nsregionala produktpaketeringen av den korta f\u00e4rjef\u00f6rbindelsen mellan v\u00e5ra l\u00e4nder, vilket \u00e4r n\u00e5got som researrang\u00f6rer ser som en stor f\u00f6rdel. Det positiva mottagandet s\u00e4ger att vi \u00e4r p\u00e5 r\u00e4tt v\u00e4g, och att det ligger en stor potential i att g\u00e5 ut tillsammans och forts\u00e4tta det arbete vi inlett.\r\n\r\nEtt bonusresultat som vi \u00e4r v\u00e4ldigt stolta \u00f6ver, och som man inte f\u00f6rv\u00e4ntat sig i samband med projektplanering, \u00e4r att vi lyckats etablera ett samarbete med flera tyska researrang\u00f6rer och en skandinavisk incomingbyr\u00e5\/grossist som tagit sig an de produkter vi utvecklat i projektet f\u00f6r att s\u00e4lja vidare till slutkund.\r\n\r\nUnder sommaren inleddes den filmproduktion som ska resultera i fem kortfilmer. Filmerna sammanknyter v\u00e5ra destinationer till ett vackert och s\u00e4ljande paket som fungerar som ett bra komplement n\u00e4r vi marknadsf\u00f6r v\u00e5ra produktpaket. Hittills har tv\u00e5 sommarfilmer och en h\u00f6stfilm lanserats, i turen st\u00e5r vinterfilmen samt en best of all seasons film. Filmerna blir ett v\u00e4rdefullt resultat som projektet l\u00e4mnar efter sig och kan anv\u00e4ndas f\u00f6r att ytterligare promovera v\u00e5r region fram\u00f6ver (<a href=\"https:\/\/web4.creamarketing.com\/kvarken.org\/nyheter1\/med-gemensam-filmproduktion-ut-pa-den-internationella-marknaden\" target=\"_blank\" rel=\"noopener\">se filmerna som hittills publicerats H\u00c4R<\/a>).\r\n\r\nUnder \u00e5ret har vi ocks\u00e5 ordnat tv\u00e5 seminarier f\u00f6r f\u00f6retagare och akt\u00f6rer inom turistn\u00e4ringen fr\u00e5n Vasaregionen, Ume\u00e5 och H\u00f6ga kusten. H\u00e5llbar turism, v\u00e4rdskap, internationalisering och samarbete var teman i seminariet som riktade sig till bes\u00f6ksn\u00e4ringen och arrangerades i maj. Under seminariet till havs i oktober fick deltagarna h\u00f6ra inspirerande f\u00f6rel\u00e4sare, som samtidigt \u00e4r framg\u00e5ngsrika och innovativa entrepren\u00f6rer fr\u00e5n H\u00f6ga Kusten, Ume\u00e5regionen och Vasaregionen. Dagens teman handlade om varum\u00e4rkesbildning och marknadsf\u00f6ring, hur man p\u00e5 ett framg\u00e5ngsrikt s\u00e4tt lyckats paketera sina produkter och det gavs \u00e4ven gott med utrymme f\u00f6r n\u00e4tverkande och kontaktskapande deltagare och f\u00f6rel\u00e4sare emellan (<a href=\"https:\/\/web4.creamarketing.com\/kvarken.org\/nyheter1\/kann-din-malgrupp-och-skapa-ett-varumarke-av-turistprodukterna\" target=\"_blank\" rel=\"noopener\">L\u00e4s mer H\u00c4R<\/a>).\r\n\r\nUt\u00f6ver detta har V\u00e4rldsarvsmenyn \u201dSmaker fr\u00e5n v\u00e4rldsarvet\u201d, som fick ett v\u00e4ldigt positivt mottagande ombord p\u00e5 Wasa Express, d\u00e4r den serverades under h\u00f6sten 2016, getts ut. Den blev en mycket lyckad och tilltalande utg\u00e5va, b\u00e5de i print och digitalt, som f\u00e5tt mycket positiv feedback (<a href=\"https:\/\/issuu.com\/bocksoffice\/docs\/kvarken_receptbok_\" target=\"_blank\" rel=\"noopener\">den digitala versionen hittar du H\u00c4R<\/a>).\r\n\r\nEvent under 2017:\r\n- Matka Workshop Day och MATKA 2017 - januari\r\n- Seniordagen och Sk\u00e4rg\u00e5rdsm\u00e4ssan Stockholm - maj\r\n- Swedish Workshop Hamburg - maj\r\n- Seminarium Wasa Express\/Ume\u00e5 f\u00f6r n\u00e4ringslivet - maj\r\n- V\u00e4rldsarvsmenyn \u2013 Smaker fr\u00e5n V\u00e4rldsarvet publicerats i tryck och digitalt - september\r\n- Stockholm Helsinki B2B Travel Show - september\r\n- Visit Finland\/Sales Run \u2013 Dusseldorf, K\u00f6ln, Frankfurt - oktober\r\n- Seminarium Wasa Express f\u00f6r n\u00e4ringslivet \u2013 oktober\r\n- Filmproduktion \u2013 3 filmer \u2013 sommar\/h\u00f6st\r\n- Paketproduktion (sammanlagt 10 paket)\r\n- \u00c5terf\u00f6rs\u00e4ljare: Cities+Tours\/Haman Group, Wikinger Reisen, Zonista, Top Nord\r\n\r\n<strong><em>Jag \u00e4r b\u00e5de stolt och glad \u00f6ver det goda samarbetet inom projektpartnerskapet, samarbetet med destinationsbolagen, Wasaline och alla medverkande f\u00f6retag och \u00f6vriga intressenter i projektet.<\/em><\/strong>\r\n\r\n<strong><em>God Jul och Gott Nytt \u00c5r och tack f\u00f6r ett gott samarbete 2017!<\/em><\/strong>\r\n\r\nMarianne Sj\u00f6str\u00f6m\r\nProjektledare\r\nSpotlight High-Low Coast\r\nKvarkenr\u00e5det\r\n\r\n\u00a0\r\n\r\n<img class=\" leftAlone\" title=\"\" src=\"https:\/\/web4.creamarketing.com\/kvarken.org\/assets\/Uploads\/_resampled\/resizedimage370104-Intrerreg-BA-ENG-RGB.png\" alt=\"Intrerreg BA ENG RGB\" width=\"370\" height=\"104\" \/>\r\n\r\nProjektet Spotlight High-Low Coast \u00e4r EU-finansierat genom INTERREG Botnia-Atlantica. Projektet \u00e4r ett gr\u00e4ns\u00f6verskridande v\u00e4rldsarvs- och turismprojekt med uppgift att ta fram produktpaket och marknadsf\u00f6ringsmaterial f\u00f6r att attrahera fler bes\u00f6kare att ta del av v\u00e4rldsarvet H\u00f6ga Kusten\/Kvarkens sk\u00e4rg\u00e5rd och Ume\u00e5regionen och dess n\u00e4rregioner p\u00e5 ett h\u00e5llbart s\u00e4tt. Projekttiden fortg\u00e5r till 31.5.2018.","_et_gb_content_width":"","footnotes":""},"categories":[13],"tags":[],"amnen":[60,58,65],"class_list":["post-9203","post","type-post","status-publish","format-standard","has-post-thumbnail","hentry","category-uncategorized-fi","amnen-maailmanperinto","amnen-matkailu","amnen-ymparisto"],"acf":[],"yoast_head":"<!-- This site is optimized with the Yoast SEO plugin v27.4 - https:\/\/yoast.com\/product\/yoast-seo-wordpress\/ -->\n<title>Hankevet\u00e4j\u00e4 Marianne Sj\u00f6str\u00f6min tervehdys - Kvarkenr\u00e5det<\/title>\n<meta name=\"robots\" content=\"index, follow, max-snippet:-1, max-image-preview:large, max-video-preview:-1\" \/>\n<link rel=\"canonical\" href=\"https:\/\/www.kvarken.org\/fi\/hankevetaja-marianne-sjostromin-tervehdys\/\" \/>\n<meta property=\"og:locale\" content=\"fi_FI\" \/>\n<meta property=\"og:type\" content=\"article\" \/>\n<meta property=\"og:title\" content=\"Hankevet\u00e4j\u00e4 Marianne Sj\u00f6str\u00f6min tervehdys - Kvarkenr\u00e5det\" \/>\n<meta property=\"og:description\" content=\"Spotlightin vuosi on ollut moninainen ja sis\u00e4lt\u00e4nyt erilaisia markkinointitilaisuuksia, joissa olemme esitelleet raja-alueellista tuotepakettiamme ja yhteist\u00e4 aluettamme niin kansallisille kuin kansainv\u00e4lisillekin vierailijoille.\" \/>\n<meta property=\"og:url\" content=\"https:\/\/www.kvarken.org\/fi\/hankevetaja-marianne-sjostromin-tervehdys\/\" \/>\n<meta property=\"og:site_name\" content=\"Kvarkenr\u00e5det\" \/>\n<meta property=\"article:published_time\" content=\"2017-12-20T06:46:47+00:00\" \/>\n<meta property=\"article:modified_time\" content=\"2021-03-11T13:52:46+00:00\" \/>\n<meta property=\"og:image\" content=\"https:\/\/www.kvarken.org\/wp-content\/uploads\/2020\/12\/Merenkurkun-neuvosto-henkilokuvat-3.jpg\" \/>\n\t<meta property=\"og:image:width\" content=\"566\" \/>\n\t<meta property=\"og:image:height\" content=\"800\" \/>\n\t<meta property=\"og:image:type\" content=\"image\/jpeg\" \/>\n<meta name=\"author\" content=\"jokommunikation_agency\" \/>\n<meta name=\"twitter:card\" content=\"summary_large_image\" \/>\n<meta name=\"twitter:label1\" content=\"Kirjoittanut\" \/>\n\t<meta name=\"twitter:data1\" content=\"jokommunikation_agency\" \/>\n\t<meta name=\"twitter:label2\" content=\"Arvioitu lukuaika\" \/>\n\t<meta name=\"twitter:data2\" content=\"3 minuuttia\" \/>\n<script type=\"application\/ld+json\" class=\"yoast-schema-graph\">{\"@context\":\"https:\\\/\\\/schema.org\",\"@graph\":[{\"@type\":\"Article\",\"@id\":\"https:\\\/\\\/www.kvarken.org\\\/fi\\\/hankevetaja-marianne-sjostromin-tervehdys\\\/#article\",\"isPartOf\":{\"@id\":\"https:\\\/\\\/www.kvarken.org\\\/fi\\\/hankevetaja-marianne-sjostromin-tervehdys\\\/\"},\"author\":{\"name\":\"jokommunikation_agency\",\"@id\":\"https:\\\/\\\/www.kvarken.org\\\/fi\\\/#\\\/schema\\\/person\\\/c0191caa861afff47bc50292a6905da2\"},\"headline\":\"Hankevet\u00e4j\u00e4 Marianne Sj\u00f6str\u00f6min tervehdys\",\"datePublished\":\"2017-12-20T06:46:47+00:00\",\"dateModified\":\"2021-03-11T13:52:46+00:00\",\"mainEntityOfPage\":{\"@id\":\"https:\\\/\\\/www.kvarken.org\\\/fi\\\/hankevetaja-marianne-sjostromin-tervehdys\\\/\"},\"wordCount\":604,\"commentCount\":0,\"image\":{\"@id\":\"https:\\\/\\\/www.kvarken.org\\\/fi\\\/hankevetaja-marianne-sjostromin-tervehdys\\\/#primaryimage\"},\"thumbnailUrl\":\"https:\\\/\\\/www.kvarken.org\\\/wp-content\\\/uploads\\\/2020\\\/12\\\/Merenkurkun-neuvosto-henkilokuvat-3.jpg\",\"articleSection\":[\"Uncategorized @fi\"],\"inLanguage\":\"fi\",\"potentialAction\":[{\"@type\":\"CommentAction\",\"name\":\"Comment\",\"target\":[\"https:\\\/\\\/www.kvarken.org\\\/fi\\\/hankevetaja-marianne-sjostromin-tervehdys\\\/#respond\"]}]},{\"@type\":\"WebPage\",\"@id\":\"https:\\\/\\\/www.kvarken.org\\\/fi\\\/hankevetaja-marianne-sjostromin-tervehdys\\\/\",\"url\":\"https:\\\/\\\/www.kvarken.org\\\/fi\\\/hankevetaja-marianne-sjostromin-tervehdys\\\/\",\"name\":\"Hankevet\u00e4j\u00e4 Marianne Sj\u00f6str\u00f6min tervehdys - Kvarkenr\u00e5det\",\"isPartOf\":{\"@id\":\"https:\\\/\\\/www.kvarken.org\\\/fi\\\/#website\"},\"primaryImageOfPage\":{\"@id\":\"https:\\\/\\\/www.kvarken.org\\\/fi\\\/hankevetaja-marianne-sjostromin-tervehdys\\\/#primaryimage\"},\"image\":{\"@id\":\"https:\\\/\\\/www.kvarken.org\\\/fi\\\/hankevetaja-marianne-sjostromin-tervehdys\\\/#primaryimage\"},\"thumbnailUrl\":\"https:\\\/\\\/www.kvarken.org\\\/wp-content\\\/uploads\\\/2020\\\/12\\\/Merenkurkun-neuvosto-henkilokuvat-3.jpg\",\"datePublished\":\"2017-12-20T06:46:47+00:00\",\"dateModified\":\"2021-03-11T13:52:46+00:00\",\"author\":{\"@id\":\"https:\\\/\\\/www.kvarken.org\\\/fi\\\/#\\\/schema\\\/person\\\/c0191caa861afff47bc50292a6905da2\"},\"breadcrumb\":{\"@id\":\"https:\\\/\\\/www.kvarken.org\\\/fi\\\/hankevetaja-marianne-sjostromin-tervehdys\\\/#breadcrumb\"},\"inLanguage\":\"fi\",\"potentialAction\":[{\"@type\":\"ReadAction\",\"target\":[\"https:\\\/\\\/www.kvarken.org\\\/fi\\\/hankevetaja-marianne-sjostromin-tervehdys\\\/\"]}]},{\"@type\":\"ImageObject\",\"inLanguage\":\"fi\",\"@id\":\"https:\\\/\\\/www.kvarken.org\\\/fi\\\/hankevetaja-marianne-sjostromin-tervehdys\\\/#primaryimage\",\"url\":\"https:\\\/\\\/www.kvarken.org\\\/wp-content\\\/uploads\\\/2020\\\/12\\\/Merenkurkun-neuvosto-henkilokuvat-3.jpg\",\"contentUrl\":\"https:\\\/\\\/www.kvarken.org\\\/wp-content\\\/uploads\\\/2020\\\/12\\\/Merenkurkun-neuvosto-henkilokuvat-3.jpg\",\"width\":566,\"height\":800,\"caption\":\"Marianne Sj\u00f6str\u00f6m\"},{\"@type\":\"BreadcrumbList\",\"@id\":\"https:\\\/\\\/www.kvarken.org\\\/fi\\\/hankevetaja-marianne-sjostromin-tervehdys\\\/#breadcrumb\",\"itemListElement\":[{\"@type\":\"ListItem\",\"position\":1,\"name\":\"Hem\",\"item\":\"https:\\\/\\\/www.kvarken.org\\\/fi\\\/\"},{\"@type\":\"ListItem\",\"position\":2,\"name\":\"Hankevet\u00e4j\u00e4 Marianne Sj\u00f6str\u00f6min tervehdys\"}]},{\"@type\":\"WebSite\",\"@id\":\"https:\\\/\\\/www.kvarken.org\\\/fi\\\/#website\",\"url\":\"https:\\\/\\\/www.kvarken.org\\\/fi\\\/\",\"name\":\"Kvarkenr\u00e5det\",\"description\":\"\",\"potentialAction\":[{\"@type\":\"SearchAction\",\"target\":{\"@type\":\"EntryPoint\",\"urlTemplate\":\"https:\\\/\\\/www.kvarken.org\\\/fi\\\/?s={search_term_string}\"},\"query-input\":{\"@type\":\"PropertyValueSpecification\",\"valueRequired\":true,\"valueName\":\"search_term_string\"}}],\"inLanguage\":\"fi\"},{\"@type\":\"Person\",\"@id\":\"https:\\\/\\\/www.kvarken.org\\\/fi\\\/#\\\/schema\\\/person\\\/c0191caa861afff47bc50292a6905da2\",\"name\":\"jokommunikation_agency\",\"image\":{\"@type\":\"ImageObject\",\"inLanguage\":\"fi\",\"@id\":\"https:\\\/\\\/secure.gravatar.com\\\/avatar\\\/747179557db7fa831269f4829d55b0109a7684b8dd784a3f8f606bce8610f828?s=96&d=mm&r=g\",\"url\":\"https:\\\/\\\/secure.gravatar.com\\\/avatar\\\/747179557db7fa831269f4829d55b0109a7684b8dd784a3f8f606bce8610f828?s=96&d=mm&r=g\",\"contentUrl\":\"https:\\\/\\\/secure.gravatar.com\\\/avatar\\\/747179557db7fa831269f4829d55b0109a7684b8dd784a3f8f606bce8610f828?s=96&d=mm&r=g\",\"caption\":\"jokommunikation_agency\"}}]}<\/script>\n<!-- \/ Yoast SEO plugin. -->","yoast_head_json":{"title":"Hankevet\u00e4j\u00e4 Marianne Sj\u00f6str\u00f6min tervehdys - Kvarkenr\u00e5det","robots":{"index":"index","follow":"follow","max-snippet":"max-snippet:-1","max-image-preview":"max-image-preview:large","max-video-preview":"max-video-preview:-1"},"canonical":"https:\/\/www.kvarken.org\/fi\/hankevetaja-marianne-sjostromin-tervehdys\/","og_locale":"fi_FI","og_type":"article","og_title":"Hankevet\u00e4j\u00e4 Marianne Sj\u00f6str\u00f6min tervehdys - Kvarkenr\u00e5det","og_description":"Spotlightin vuosi on ollut moninainen ja sis\u00e4lt\u00e4nyt erilaisia markkinointitilaisuuksia, joissa olemme esitelleet raja-alueellista tuotepakettiamme ja yhteist\u00e4 aluettamme niin kansallisille kuin kansainv\u00e4lisillekin vierailijoille.","og_url":"https:\/\/www.kvarken.org\/fi\/hankevetaja-marianne-sjostromin-tervehdys\/","og_site_name":"Kvarkenr\u00e5det","article_published_time":"2017-12-20T06:46:47+00:00","article_modified_time":"2021-03-11T13:52:46+00:00","og_image":[{"width":566,"height":800,"url":"https:\/\/www.kvarken.org\/wp-content\/uploads\/2020\/12\/Merenkurkun-neuvosto-henkilokuvat-3.jpg","type":"image\/jpeg"}],"author":"jokommunikation_agency","twitter_card":"summary_large_image","twitter_misc":{"Kirjoittanut":"jokommunikation_agency","Arvioitu lukuaika":"3 minuuttia"},"schema":{"@context":"https:\/\/schema.org","@graph":[{"@type":"Article","@id":"https:\/\/www.kvarken.org\/fi\/hankevetaja-marianne-sjostromin-tervehdys\/#article","isPartOf":{"@id":"https:\/\/www.kvarken.org\/fi\/hankevetaja-marianne-sjostromin-tervehdys\/"},"author":{"name":"jokommunikation_agency","@id":"https:\/\/www.kvarken.org\/fi\/#\/schema\/person\/c0191caa861afff47bc50292a6905da2"},"headline":"Hankevet\u00e4j\u00e4 Marianne Sj\u00f6str\u00f6min tervehdys","datePublished":"2017-12-20T06:46:47+00:00","dateModified":"2021-03-11T13:52:46+00:00","mainEntityOfPage":{"@id":"https:\/\/www.kvarken.org\/fi\/hankevetaja-marianne-sjostromin-tervehdys\/"},"wordCount":604,"commentCount":0,"image":{"@id":"https:\/\/www.kvarken.org\/fi\/hankevetaja-marianne-sjostromin-tervehdys\/#primaryimage"},"thumbnailUrl":"https:\/\/www.kvarken.org\/wp-content\/uploads\/2020\/12\/Merenkurkun-neuvosto-henkilokuvat-3.jpg","articleSection":["Uncategorized @fi"],"inLanguage":"fi","potentialAction":[{"@type":"CommentAction","name":"Comment","target":["https:\/\/www.kvarken.org\/fi\/hankevetaja-marianne-sjostromin-tervehdys\/#respond"]}]},{"@type":"WebPage","@id":"https:\/\/www.kvarken.org\/fi\/hankevetaja-marianne-sjostromin-tervehdys\/","url":"https:\/\/www.kvarken.org\/fi\/hankevetaja-marianne-sjostromin-tervehdys\/","name":"Hankevet\u00e4j\u00e4 Marianne Sj\u00f6str\u00f6min tervehdys - Kvarkenr\u00e5det","isPartOf":{"@id":"https:\/\/www.kvarken.org\/fi\/#website"},"primaryImageOfPage":{"@id":"https:\/\/www.kvarken.org\/fi\/hankevetaja-marianne-sjostromin-tervehdys\/#primaryimage"},"image":{"@id":"https:\/\/www.kvarken.org\/fi\/hankevetaja-marianne-sjostromin-tervehdys\/#primaryimage"},"thumbnailUrl":"https:\/\/www.kvarken.org\/wp-content\/uploads\/2020\/12\/Merenkurkun-neuvosto-henkilokuvat-3.jpg","datePublished":"2017-12-20T06:46:47+00:00","dateModified":"2021-03-11T13:52:46+00:00","author":{"@id":"https:\/\/www.kvarken.org\/fi\/#\/schema\/person\/c0191caa861afff47bc50292a6905da2"},"breadcrumb":{"@id":"https:\/\/www.kvarken.org\/fi\/hankevetaja-marianne-sjostromin-tervehdys\/#breadcrumb"},"inLanguage":"fi","potentialAction":[{"@type":"ReadAction","target":["https:\/\/www.kvarken.org\/fi\/hankevetaja-marianne-sjostromin-tervehdys\/"]}]},{"@type":"ImageObject","inLanguage":"fi","@id":"https:\/\/www.kvarken.org\/fi\/hankevetaja-marianne-sjostromin-tervehdys\/#primaryimage","url":"https:\/\/www.kvarken.org\/wp-content\/uploads\/2020\/12\/Merenkurkun-neuvosto-henkilokuvat-3.jpg","contentUrl":"https:\/\/www.kvarken.org\/wp-content\/uploads\/2020\/12\/Merenkurkun-neuvosto-henkilokuvat-3.jpg","width":566,"height":800,"caption":"Marianne Sj\u00f6str\u00f6m"},{"@type":"BreadcrumbList","@id":"https:\/\/www.kvarken.org\/fi\/hankevetaja-marianne-sjostromin-tervehdys\/#breadcrumb","itemListElement":[{"@type":"ListItem","position":1,"name":"Hem","item":"https:\/\/www.kvarken.org\/fi\/"},{"@type":"ListItem","position":2,"name":"Hankevet\u00e4j\u00e4 Marianne Sj\u00f6str\u00f6min tervehdys"}]},{"@type":"WebSite","@id":"https:\/\/www.kvarken.org\/fi\/#website","url":"https:\/\/www.kvarken.org\/fi\/","name":"Kvarkenr\u00e5det","description":"","potentialAction":[{"@type":"SearchAction","target":{"@type":"EntryPoint","urlTemplate":"https:\/\/www.kvarken.org\/fi\/?s={search_term_string}"},"query-input":{"@type":"PropertyValueSpecification","valueRequired":true,"valueName":"search_term_string"}}],"inLanguage":"fi"},{"@type":"Person","@id":"https:\/\/www.kvarken.org\/fi\/#\/schema\/person\/c0191caa861afff47bc50292a6905da2","name":"jokommunikation_agency","image":{"@type":"ImageObject","inLanguage":"fi","@id":"https:\/\/secure.gravatar.com\/avatar\/747179557db7fa831269f4829d55b0109a7684b8dd784a3f8f606bce8610f828?s=96&d=mm&r=g","url":"https:\/\/secure.gravatar.com\/avatar\/747179557db7fa831269f4829d55b0109a7684b8dd784a3f8f606bce8610f828?s=96&d=mm&r=g","contentUrl":"https:\/\/secure.gravatar.com\/avatar\/747179557db7fa831269f4829d55b0109a7684b8dd784a3f8f606bce8610f828?s=96&d=mm&r=g","caption":"jokommunikation_agency"}}]}},"_links":{"self":[{"href":"https:\/\/www.kvarken.org\/fi\/wp-json\/wp\/v2\/posts\/9203","targetHints":{"allow":["GET"]}}],"collection":[{"href":"https:\/\/www.kvarken.org\/fi\/wp-json\/wp\/v2\/posts"}],"about":[{"href":"https:\/\/www.kvarken.org\/fi\/wp-json\/wp\/v2\/types\/post"}],"author":[{"embeddable":true,"href":"https:\/\/www.kvarken.org\/fi\/wp-json\/wp\/v2\/users\/2"}],"replies":[{"embeddable":true,"href":"https:\/\/www.kvarken.org\/fi\/wp-json\/wp\/v2\/comments?post=9203"}],"version-history":[{"count":0,"href":"https:\/\/www.kvarken.org\/fi\/wp-json\/wp\/v2\/posts\/9203\/revisions"}],"wp:featuredmedia":[{"embeddable":true,"href":"https:\/\/www.kvarken.org\/fi\/wp-json\/wp\/v2\/media\/5455"}],"wp:attachment":[{"href":"https:\/\/www.kvarken.org\/fi\/wp-json\/wp\/v2\/media?parent=9203"}],"wp:term":[{"taxonomy":"category","embeddable":true,"href":"https:\/\/www.kvarken.org\/fi\/wp-json\/wp\/v2\/categories?post=9203"},{"taxonomy":"post_tag","embeddable":true,"href":"https:\/\/www.kvarken.org\/fi\/wp-json\/wp\/v2\/tags?post=9203"},{"taxonomy":"amnen","embeddable":true,"href":"https:\/\/www.kvarken.org\/fi\/wp-json\/wp\/v2\/amnen?post=9203"}],"curies":[{"name":"wp","href":"https:\/\/api.w.org\/{rel}","templated":true}]}}