{"id":9223,"date":"2017-11-27T07:02:15","date_gmt":"2017-11-27T07:02:15","guid":{"rendered":"https:\/\/kvarken.org\/pohjalainen-kerakaali-lahiruokaa-myos-vasterbottenissa\/"},"modified":"2021-03-11T07:13:41","modified_gmt":"2021-03-11T07:13:41","slug":"pohjalainen-kerakaali-lahiruokaa-myos-vasterbottenissa","status":"publish","type":"post","link":"https:\/\/www.kvarken.org\/fi\/pohjalainen-kerakaali-lahiruokaa-myos-vasterbottenissa\/","title":{"rendered":"Pohjalainen ker\u00e4kaali \u2013 l\u00e4hiruokaa my\u00f6s V\u00e4sterbottenissa"},"content":{"rendered":"<p><em><strong>Pohjanmaalla kasvatettu ker\u00e4kaali on l\u00f6yt\u00e4nyt Merenkurkun yli V\u00e4sterbotteniin. Petsmolainen viljelij\u00e4 Tony Granholm ja ruotsalainen jalostaja Gr\u00f6nsaksfabriken AB, johdossaan Magnus Conradzon, ovat kumpikin eritt\u00e4in tyytyv\u00e4isi\u00e4 yhteisty\u00f6h\u00f6n. Kuljetusmatka on lyhyt, ja Uumajassa pystyt\u00e4\u00e4n nyt tarjoamaan asiakkaille jos ei aivan paikkakunnalla niin ainakin l\u00e4hell\u00e4 tuotettua laadukasta ker\u00e4kaalia vuoden ymp\u00e4ri.<\/strong><\/em><\/p>\n<p><img decoding=\"async\" class=\" leftAlone\" title=\"\" src=\"https:\/\/web4.creamarketing.com\/kvarken.org\/assets\/Uploads\/_resampled\/resizedimage600434-Gronsaksfabriken-Granholm-4.jpg\" alt=\"Gronsaksfabriken Granholm 4\" width=\"600\" height=\"434\" \/><br \/>\nTony Granholm viljelee ja myy ker\u00e4kaalia Ruotsin yrityksens\u00e4, Granholms Gr\u00f6nsaker Ab:n, kautta. Yrityksen kotipaikka on Petsmossa Vaasan l\u00e4hist\u00f6ll\u00e4. H\u00e4n teki itse aloitteen yhteisty\u00f6h\u00f6n, joka on toiminut hyvin ja on v\u00e4hitellen laajentumassa.<\/p>\n<p>Gr\u00f6nsaksfabrikenin ja Granholmin yhteisty\u00f6 alkoi ruohonjuuritasolla, mink\u00e4 j\u00e4lkeen E12 Atlantica Transport -hanke kytkettiin yhteisty\u00f6n kehitt\u00e4miseen. Hankkeessa toteutetaan erilaista pilottitoimintaa yhdess\u00e4 alueen yritysten kanssa, jotta saadaan valotettua maiden v\u00e4lisen liikennej\u00e4rjestelm\u00e4n puutteita ja mahdollisuuksia.<\/p>\n<p>\u2013 Olemme aina pyrkineet mahdollisuuksien mukaan valitsemaan l\u00e4hell\u00e4 tuotettuja raaka-aineita, ja vuosi sitten p\u00e4\u00e4timme keskitty\u00e4 l\u00e4hiruokaan entist\u00e4kin tarmokkaammin, kertoo Gr\u00f6nsaksfabriken AB:n toimitusjohtaja Magnus Conradzon Uumajassa. Omavaraisuusaste on ker\u00e4kaalin suhteen Pohjanmaalla huomattavasti parempi kuin t\u00e4\u00e4ll\u00e4 V\u00e4sterbottenin puolella Merenkurkkua, ja olemme aiemmin tuoneet ker\u00e4kaalia talvikaudella Saksasta ja my\u00f6s aika paljon Etel\u00e4-Ruotsista, joten kuljetusmatkat ovat olleet pitki\u00e4.<\/p>\n<p>Yritykselle avautui aivan uusi maailman, kun viljelij\u00e4 Tony Granhom Pohjanmaan Petsmosta otti yhteytt\u00e4 viime vuonna tiedustellakseen, kiinnostaisiko pohjalainen kaali ruotsalaisia \u2013 ja kiinnostihan se.<br \/>\n\u2013 Meid\u00e4n maailmassamme Pohjanmaa on todella l\u00e4hell\u00e4. Et\u00e4isyytt\u00e4 on 100 km \u2013 kaksitoista kertaa v\u00e4hemm\u00e4n kuin Etel\u00e4-Ruotsiin, ja sen lis\u00e4ksi Suomen markkinoilla on aukkoja, joita me puolestamme voimme t\u00e4ytt\u00e4\u00e4 muilla tuotteilla. N\u00e4in saamme tavaravirtaa molempiin suuntiin, mik\u00e4 on tosi hyv\u00e4, Magnus toteaa.<\/p>\n<p><strong><img decoding=\"async\" class=\" leftAlone\" title=\"\" src=\"https:\/\/web4.creamarketing.com\/kvarken.org\/assets\/Uploads\/_resampled\/resizedimage498353-Conradzon.jpg\" alt=\"Conradzon\" width=\"498\" height=\"353\" \/><br \/>\n<\/strong>Magnus Conradzon, Uumajan Gr\u00f6nsaksfabriken AB:n toimitusjohtaja, on iloinen voidessaan tuoda maahan pohjalaista ker\u00e4kaalia saksalaisen sijaan.<\/p>\n<p>My\u00f6s Tony Granholmille yhteisty\u00f6 Gr\u00f6nsaksfabrikenin kanssa on tuonut my\u00f6nteisi\u00e4 vaikutuksia.<br \/>\n\u2013 Meill\u00e4 Pohjanmaalla on ker\u00e4kaalin ylituotantoa, mik\u00e4 vaikuttaa hintaan. Saamme ylij\u00e4\u00e4m\u00e4\u00e4 purettua myym\u00e4ll\u00e4 Ruotsiin ja sit\u00e4 paitsi kuljetusmatka Uumajaan on huomattavasti lyhyempi kuin Etel\u00e4-Suomeen, Tony selitt\u00e4\u00e4.<br \/>\nMuutaman kuljetuksen j\u00e4lkeen molemmat toimijat allekirjoittivat ymp\u00e4rivuotisen sopimuksen, ja nyt Petsmosta l\u00e4hetet\u00e4\u00e4n Uumajaan joka viikko noin 1,5 tonnia ker\u00e4kaalia.<br \/>\n\u2013 Olemme samalla sertifiointitasolla, joten pakkaukset olivat ainoa ratkaisua kaivannut ongelma Ruotsin tiukempien ymp\u00e4rist\u00f6vaatimusten vuoksi, Tony kertoo. Mutta sitten kun olimme p\u00e4\u00e4sseet vauhtiin, kaikki on toiminut moitteetta, ja nyt pyrimme lis\u00e4\u00e4m\u00e4\u00e4n yhteisty\u00f6t\u00e4 v\u00e4litt\u00e4m\u00e4ll\u00e4 Ruotsiin muitakin vihanneksia muiltakin pohjalaisviljelij\u00f6ilt\u00e4.<\/p>\n<p><img decoding=\"async\" class=\" leftAlone\" title=\"\" src=\"https:\/\/web4.creamarketing.com\/kvarken.org\/assets\/Uploads\/_resampled\/resizedimage600400-Gronsaksfabriken-Granholm-6.jpg\" alt=\"Gronsaksfabriken Granholm 6\" width=\"600\" height=\"400\" \/><br \/>\n<em>Ker\u00e4kaalin kysynt\u00e4 on V\u00e4sterbottenissa tarjontaa suurempi, mutta Pohjanmaalla tilanne on p\u00e4invastainen. Pohjalainen kaali on huomattavasti enemm\u00e4n l\u00e4hiruokaa kuin Saksasta tuotu kaali.<br \/>\n<\/em><\/p>\n<p>Molemmat yritykset ovat E12 Atlantica Transport -hankkeen avulla j\u00e4rjest\u00e4neet muiden viljelij\u00f6iden tapaamisia tunnustellakseen tilannetta ja markkinoita sek\u00e4 tarpeellisten verkostojen saatavuutta.<br \/>\n\u2013 Olemme nyt saaneet perustan, mutta kaikki on oikeasti viel\u00e4 lapsenkengiss\u00e4, Magnus uskoo. Vientivalikoima laajenee, ja me hy\u00f6dymme siit\u00e4 sek\u00e4 ymp\u00e4rist\u00f6n ett\u00e4 tuotteiden laadun suhteen. Pohjalaiset tuotteet eiv\u00e4t kenties ole aivan sanatarkasti \u201dl\u00e4hiruokaa\u201d mutta sit\u00e4 vastoin kyll\u00e4kin l\u00e4hell\u00e4 tuotettuja. Nimike ei ole t\u00e4rkeint\u00e4 vaan se, ett\u00e4 tiet\u00e4\u00e4, mist\u00e4 raaka-aineet tulevat. L\u00e4pin\u00e4kyvyys on A ja O, ja Suomen viljelykulttuuri on paljon enemm\u00e4n meid\u00e4n omamme kaltainen verrattuna esimerkiksi Saksaan, Magnus lis\u00e4\u00e4.<br \/>\nH\u00e4n ja Tony odottavat innolla yhteisty\u00f6n lis\u00e4\u00e4mist\u00e4 ja raaka-ainevaihdon laajentumista alueiden kesken.<br \/>\n\u2013 Lis\u00e4ksi kieli on meill\u00e4 yhdist\u00e4v\u00e4n\u00e4 tekij\u00e4n\u00e4, ja t\u00e4h\u00e4n saakka kaikki on sujunut t\u00e4ydellisesti, Tony toteaa lopuksi.<\/p>\n<p>Teksti: Anna Sand<br \/>\nKuvat: Anna Sand ja Gr\u00f6nsaksfabriken Ab<\/p>\n<p>&nbsp;<\/p>\n<p><img decoding=\"async\" class=\" leftAlone\" title=\"\" src=\"https:\/\/web4.creamarketing.com\/kvarken.org\/assets\/Uploads\/_resampled\/resizedimage34698-Intrerreg-BA-FI-RGB.jpg\" alt=\"Intrerreg BA FI RGB\" width=\"346\" height=\"98\" \/><\/p>\n<p><em>E12 Atlantica Transport &#8211; E12-liikennek\u00e4yt\u00e4v\u00e4n varrella vaikuttavien suomalaisten, ruotsalaisten ja norjalaisten kumppaneiden yhteisty\u00f6hanke, joka keskittyy toimivaan rahdin ja matkustajien kuljetusv\u00e4yl\u00e4\u00e4n, yhteisiin valtionrajat ylitt\u00e4vien strategioiden suunnittelun sek\u00e4 tulevaisuuden yhteisty\u00f6muotoihin.<\/em><\/p>\n<p><em>Hankkeen E12 Atlantica Transport kumppanit<\/em><br \/>\n<em>Merenkurkun neuvosto (Lead Part, FI), MidtSkandia (NO), Bl\u00e5 V\u00e4gen (SE) Region V\u00e4sterbotten (SE), Pohjanmaan liitt (FI), Nordland fylkeskommune (NO), Vaasanseudun Kehitys OY VASEK (FI), Uumajan kunta (SE), V\u00e4nn\u00e4sin kunta (SE), Vindelnin kunta (SE), Lyckselen kunta (SE), Storumanin kunta (SE), Infrastruktur i Ume\u00e5 AB INAB (SE), Rana Utviklingsselskap AS (NO), Ranan kunta (NO), Polarcirkeln lyfthavnsutvikling (NO), Mo i Rana Havn (NO), Mo Industripark AS (NO), Alstahaug havnevesen KF (NO), Helgeland Havn IKS (NO)<\/em><\/p>\n","protected":false},"excerpt":{"rendered":"<p>Pohjanmaalla kasvatettu ker\u00e4kaali on l\u00f6yt\u00e4nyt Merenkurkun yli V\u00e4sterbotteniin. Petsmolainen viljelij\u00e4 Tony Granholm ja ruotsalainen jalostaja Gr\u00f6nsaksfabriken AB, johdossaan Magnus Conradzon, ovat kumpikin eritt\u00e4in tyytyv\u00e4isi\u00e4 yhteisty\u00f6h\u00f6n. <\/p>\n","protected":false},"author":2,"featured_media":9220,"comment_status":"open","ping_status":"open","sticky":false,"template":"","format":"standard","meta":{"_acf_changed":false,"_et_pb_use_builder":"","_et_pb_old_content":"","_et_gb_content_width":"","footnotes":""},"categories":[13],"tags":[],"amnen":[34],"class_list":["post-9223","post","type-post","status-publish","format-standard","has-post-thumbnail","hentry","category-uncategorized-fi","amnen-liiketoiminta"],"acf":[],"yoast_head":"<!-- This site is optimized with the Yoast SEO plugin v27.4 - https:\/\/yoast.com\/product\/yoast-seo-wordpress\/ -->\n<title>Pohjalainen ker\u00e4kaali \u2013 l\u00e4hiruokaa my\u00f6s V\u00e4sterbottenissa - Kvarkenr\u00e5det<\/title>\n<meta name=\"robots\" content=\"index, follow, max-snippet:-1, max-image-preview:large, max-video-preview:-1\" \/>\n<link rel=\"canonical\" href=\"https:\/\/www.kvarken.org\/fi\/pohjalainen-kerakaali-lahiruokaa-myos-vasterbottenissa\/\" \/>\n<meta property=\"og:locale\" content=\"fi_FI\" \/>\n<meta property=\"og:type\" content=\"article\" \/>\n<meta property=\"og:title\" content=\"Pohjalainen ker\u00e4kaali \u2013 l\u00e4hiruokaa my\u00f6s V\u00e4sterbottenissa - Kvarkenr\u00e5det\" \/>\n<meta property=\"og:description\" content=\"Pohjanmaalla kasvatettu ker\u00e4kaali on l\u00f6yt\u00e4nyt Merenkurkun yli V\u00e4sterbotteniin. Petsmolainen viljelij\u00e4 Tony Granholm ja ruotsalainen jalostaja Gr\u00f6nsaksfabriken AB, johdossaan Magnus Conradzon, ovat kumpikin eritt\u00e4in tyytyv\u00e4isi\u00e4 yhteisty\u00f6h\u00f6n.\" \/>\n<meta property=\"og:url\" content=\"https:\/\/www.kvarken.org\/fi\/pohjalainen-kerakaali-lahiruokaa-myos-vasterbottenissa\/\" \/>\n<meta property=\"og:site_name\" content=\"Kvarkenr\u00e5det\" \/>\n<meta property=\"article:published_time\" content=\"2017-11-27T07:02:15+00:00\" \/>\n<meta property=\"article:modified_time\" content=\"2021-03-11T07:13:41+00:00\" \/>\n<meta property=\"og:image\" content=\"https:\/\/www.kvarken.org\/wp-content\/uploads\/2021\/03\/resizedimage600434-Gronsaksfabriken-Granholm-4.jpg\" \/>\n\t<meta property=\"og:image:width\" content=\"600\" \/>\n\t<meta property=\"og:image:height\" content=\"434\" \/>\n\t<meta property=\"og:image:type\" content=\"image\/jpeg\" \/>\n<meta name=\"author\" content=\"jokommunikation_agency\" \/>\n<meta name=\"twitter:card\" content=\"summary_large_image\" \/>\n<meta name=\"twitter:label1\" content=\"Kirjoittanut\" \/>\n\t<meta name=\"twitter:data1\" content=\"jokommunikation_agency\" \/>\n\t<meta name=\"twitter:label2\" content=\"Arvioitu lukuaika\" \/>\n\t<meta name=\"twitter:data2\" content=\"4 minuuttia\" \/>\n<script type=\"application\/ld+json\" class=\"yoast-schema-graph\">{\"@context\":\"https:\\\/\\\/schema.org\",\"@graph\":[{\"@type\":\"Article\",\"@id\":\"https:\\\/\\\/www.kvarken.org\\\/fi\\\/pohjalainen-kerakaali-lahiruokaa-myos-vasterbottenissa\\\/#article\",\"isPartOf\":{\"@id\":\"https:\\\/\\\/www.kvarken.org\\\/fi\\\/pohjalainen-kerakaali-lahiruokaa-myos-vasterbottenissa\\\/\"},\"author\":{\"name\":\"jokommunikation_agency\",\"@id\":\"https:\\\/\\\/www.kvarken.org\\\/fi\\\/#\\\/schema\\\/person\\\/c0191caa861afff47bc50292a6905da2\"},\"headline\":\"Pohjalainen ker\u00e4kaali \u2013 l\u00e4hiruokaa my\u00f6s V\u00e4sterbottenissa\",\"datePublished\":\"2017-11-27T07:02:15+00:00\",\"dateModified\":\"2021-03-11T07:13:41+00:00\",\"mainEntityOfPage\":{\"@id\":\"https:\\\/\\\/www.kvarken.org\\\/fi\\\/pohjalainen-kerakaali-lahiruokaa-myos-vasterbottenissa\\\/\"},\"wordCount\":709,\"commentCount\":0,\"image\":{\"@id\":\"https:\\\/\\\/www.kvarken.org\\\/fi\\\/pohjalainen-kerakaali-lahiruokaa-myos-vasterbottenissa\\\/#primaryimage\"},\"thumbnailUrl\":\"https:\\\/\\\/www.kvarken.org\\\/wp-content\\\/uploads\\\/2021\\\/03\\\/resizedimage600434-Gronsaksfabriken-Granholm-4.jpg\",\"articleSection\":[\"Uncategorized @fi\"],\"inLanguage\":\"fi\",\"potentialAction\":[{\"@type\":\"CommentAction\",\"name\":\"Comment\",\"target\":[\"https:\\\/\\\/www.kvarken.org\\\/fi\\\/pohjalainen-kerakaali-lahiruokaa-myos-vasterbottenissa\\\/#respond\"]}]},{\"@type\":\"WebPage\",\"@id\":\"https:\\\/\\\/www.kvarken.org\\\/fi\\\/pohjalainen-kerakaali-lahiruokaa-myos-vasterbottenissa\\\/\",\"url\":\"https:\\\/\\\/www.kvarken.org\\\/fi\\\/pohjalainen-kerakaali-lahiruokaa-myos-vasterbottenissa\\\/\",\"name\":\"Pohjalainen ker\u00e4kaali \u2013 l\u00e4hiruokaa my\u00f6s V\u00e4sterbottenissa - Kvarkenr\u00e5det\",\"isPartOf\":{\"@id\":\"https:\\\/\\\/www.kvarken.org\\\/fi\\\/#website\"},\"primaryImageOfPage\":{\"@id\":\"https:\\\/\\\/www.kvarken.org\\\/fi\\\/pohjalainen-kerakaali-lahiruokaa-myos-vasterbottenissa\\\/#primaryimage\"},\"image\":{\"@id\":\"https:\\\/\\\/www.kvarken.org\\\/fi\\\/pohjalainen-kerakaali-lahiruokaa-myos-vasterbottenissa\\\/#primaryimage\"},\"thumbnailUrl\":\"https:\\\/\\\/www.kvarken.org\\\/wp-content\\\/uploads\\\/2021\\\/03\\\/resizedimage600434-Gronsaksfabriken-Granholm-4.jpg\",\"datePublished\":\"2017-11-27T07:02:15+00:00\",\"dateModified\":\"2021-03-11T07:13:41+00:00\",\"author\":{\"@id\":\"https:\\\/\\\/www.kvarken.org\\\/fi\\\/#\\\/schema\\\/person\\\/c0191caa861afff47bc50292a6905da2\"},\"breadcrumb\":{\"@id\":\"https:\\\/\\\/www.kvarken.org\\\/fi\\\/pohjalainen-kerakaali-lahiruokaa-myos-vasterbottenissa\\\/#breadcrumb\"},\"inLanguage\":\"fi\",\"potentialAction\":[{\"@type\":\"ReadAction\",\"target\":[\"https:\\\/\\\/www.kvarken.org\\\/fi\\\/pohjalainen-kerakaali-lahiruokaa-myos-vasterbottenissa\\\/\"]}]},{\"@type\":\"ImageObject\",\"inLanguage\":\"fi\",\"@id\":\"https:\\\/\\\/www.kvarken.org\\\/fi\\\/pohjalainen-kerakaali-lahiruokaa-myos-vasterbottenissa\\\/#primaryimage\",\"url\":\"https:\\\/\\\/www.kvarken.org\\\/wp-content\\\/uploads\\\/2021\\\/03\\\/resizedimage600434-Gronsaksfabriken-Granholm-4.jpg\",\"contentUrl\":\"https:\\\/\\\/www.kvarken.org\\\/wp-content\\\/uploads\\\/2021\\\/03\\\/resizedimage600434-Gronsaksfabriken-Granholm-4.jpg\",\"width\":600,\"height\":434},{\"@type\":\"BreadcrumbList\",\"@id\":\"https:\\\/\\\/www.kvarken.org\\\/fi\\\/pohjalainen-kerakaali-lahiruokaa-myos-vasterbottenissa\\\/#breadcrumb\",\"itemListElement\":[{\"@type\":\"ListItem\",\"position\":1,\"name\":\"Hem\",\"item\":\"https:\\\/\\\/www.kvarken.org\\\/fi\\\/\"},{\"@type\":\"ListItem\",\"position\":2,\"name\":\"Pohjalainen ker\u00e4kaali \u2013 l\u00e4hiruokaa my\u00f6s V\u00e4sterbottenissa\"}]},{\"@type\":\"WebSite\",\"@id\":\"https:\\\/\\\/www.kvarken.org\\\/fi\\\/#website\",\"url\":\"https:\\\/\\\/www.kvarken.org\\\/fi\\\/\",\"name\":\"Kvarkenr\u00e5det\",\"description\":\"\",\"potentialAction\":[{\"@type\":\"SearchAction\",\"target\":{\"@type\":\"EntryPoint\",\"urlTemplate\":\"https:\\\/\\\/www.kvarken.org\\\/fi\\\/?s={search_term_string}\"},\"query-input\":{\"@type\":\"PropertyValueSpecification\",\"valueRequired\":true,\"valueName\":\"search_term_string\"}}],\"inLanguage\":\"fi\"},{\"@type\":\"Person\",\"@id\":\"https:\\\/\\\/www.kvarken.org\\\/fi\\\/#\\\/schema\\\/person\\\/c0191caa861afff47bc50292a6905da2\",\"name\":\"jokommunikation_agency\",\"image\":{\"@type\":\"ImageObject\",\"inLanguage\":\"fi\",\"@id\":\"https:\\\/\\\/secure.gravatar.com\\\/avatar\\\/747179557db7fa831269f4829d55b0109a7684b8dd784a3f8f606bce8610f828?s=96&d=mm&r=g\",\"url\":\"https:\\\/\\\/secure.gravatar.com\\\/avatar\\\/747179557db7fa831269f4829d55b0109a7684b8dd784a3f8f606bce8610f828?s=96&d=mm&r=g\",\"contentUrl\":\"https:\\\/\\\/secure.gravatar.com\\\/avatar\\\/747179557db7fa831269f4829d55b0109a7684b8dd784a3f8f606bce8610f828?s=96&d=mm&r=g\",\"caption\":\"jokommunikation_agency\"}}]}<\/script>\n<!-- \/ Yoast SEO plugin. -->","yoast_head_json":{"title":"Pohjalainen ker\u00e4kaali \u2013 l\u00e4hiruokaa my\u00f6s V\u00e4sterbottenissa - Kvarkenr\u00e5det","robots":{"index":"index","follow":"follow","max-snippet":"max-snippet:-1","max-image-preview":"max-image-preview:large","max-video-preview":"max-video-preview:-1"},"canonical":"https:\/\/www.kvarken.org\/fi\/pohjalainen-kerakaali-lahiruokaa-myos-vasterbottenissa\/","og_locale":"fi_FI","og_type":"article","og_title":"Pohjalainen ker\u00e4kaali \u2013 l\u00e4hiruokaa my\u00f6s V\u00e4sterbottenissa - Kvarkenr\u00e5det","og_description":"Pohjanmaalla kasvatettu ker\u00e4kaali on l\u00f6yt\u00e4nyt Merenkurkun yli V\u00e4sterbotteniin. Petsmolainen viljelij\u00e4 Tony Granholm ja ruotsalainen jalostaja Gr\u00f6nsaksfabriken AB, johdossaan Magnus Conradzon, ovat kumpikin eritt\u00e4in tyytyv\u00e4isi\u00e4 yhteisty\u00f6h\u00f6n.","og_url":"https:\/\/www.kvarken.org\/fi\/pohjalainen-kerakaali-lahiruokaa-myos-vasterbottenissa\/","og_site_name":"Kvarkenr\u00e5det","article_published_time":"2017-11-27T07:02:15+00:00","article_modified_time":"2021-03-11T07:13:41+00:00","og_image":[{"width":600,"height":434,"url":"https:\/\/www.kvarken.org\/wp-content\/uploads\/2021\/03\/resizedimage600434-Gronsaksfabriken-Granholm-4.jpg","type":"image\/jpeg"}],"author":"jokommunikation_agency","twitter_card":"summary_large_image","twitter_misc":{"Kirjoittanut":"jokommunikation_agency","Arvioitu lukuaika":"4 minuuttia"},"schema":{"@context":"https:\/\/schema.org","@graph":[{"@type":"Article","@id":"https:\/\/www.kvarken.org\/fi\/pohjalainen-kerakaali-lahiruokaa-myos-vasterbottenissa\/#article","isPartOf":{"@id":"https:\/\/www.kvarken.org\/fi\/pohjalainen-kerakaali-lahiruokaa-myos-vasterbottenissa\/"},"author":{"name":"jokommunikation_agency","@id":"https:\/\/www.kvarken.org\/fi\/#\/schema\/person\/c0191caa861afff47bc50292a6905da2"},"headline":"Pohjalainen ker\u00e4kaali \u2013 l\u00e4hiruokaa my\u00f6s V\u00e4sterbottenissa","datePublished":"2017-11-27T07:02:15+00:00","dateModified":"2021-03-11T07:13:41+00:00","mainEntityOfPage":{"@id":"https:\/\/www.kvarken.org\/fi\/pohjalainen-kerakaali-lahiruokaa-myos-vasterbottenissa\/"},"wordCount":709,"commentCount":0,"image":{"@id":"https:\/\/www.kvarken.org\/fi\/pohjalainen-kerakaali-lahiruokaa-myos-vasterbottenissa\/#primaryimage"},"thumbnailUrl":"https:\/\/www.kvarken.org\/wp-content\/uploads\/2021\/03\/resizedimage600434-Gronsaksfabriken-Granholm-4.jpg","articleSection":["Uncategorized @fi"],"inLanguage":"fi","potentialAction":[{"@type":"CommentAction","name":"Comment","target":["https:\/\/www.kvarken.org\/fi\/pohjalainen-kerakaali-lahiruokaa-myos-vasterbottenissa\/#respond"]}]},{"@type":"WebPage","@id":"https:\/\/www.kvarken.org\/fi\/pohjalainen-kerakaali-lahiruokaa-myos-vasterbottenissa\/","url":"https:\/\/www.kvarken.org\/fi\/pohjalainen-kerakaali-lahiruokaa-myos-vasterbottenissa\/","name":"Pohjalainen ker\u00e4kaali \u2013 l\u00e4hiruokaa my\u00f6s V\u00e4sterbottenissa - Kvarkenr\u00e5det","isPartOf":{"@id":"https:\/\/www.kvarken.org\/fi\/#website"},"primaryImageOfPage":{"@id":"https:\/\/www.kvarken.org\/fi\/pohjalainen-kerakaali-lahiruokaa-myos-vasterbottenissa\/#primaryimage"},"image":{"@id":"https:\/\/www.kvarken.org\/fi\/pohjalainen-kerakaali-lahiruokaa-myos-vasterbottenissa\/#primaryimage"},"thumbnailUrl":"https:\/\/www.kvarken.org\/wp-content\/uploads\/2021\/03\/resizedimage600434-Gronsaksfabriken-Granholm-4.jpg","datePublished":"2017-11-27T07:02:15+00:00","dateModified":"2021-03-11T07:13:41+00:00","author":{"@id":"https:\/\/www.kvarken.org\/fi\/#\/schema\/person\/c0191caa861afff47bc50292a6905da2"},"breadcrumb":{"@id":"https:\/\/www.kvarken.org\/fi\/pohjalainen-kerakaali-lahiruokaa-myos-vasterbottenissa\/#breadcrumb"},"inLanguage":"fi","potentialAction":[{"@type":"ReadAction","target":["https:\/\/www.kvarken.org\/fi\/pohjalainen-kerakaali-lahiruokaa-myos-vasterbottenissa\/"]}]},{"@type":"ImageObject","inLanguage":"fi","@id":"https:\/\/www.kvarken.org\/fi\/pohjalainen-kerakaali-lahiruokaa-myos-vasterbottenissa\/#primaryimage","url":"https:\/\/www.kvarken.org\/wp-content\/uploads\/2021\/03\/resizedimage600434-Gronsaksfabriken-Granholm-4.jpg","contentUrl":"https:\/\/www.kvarken.org\/wp-content\/uploads\/2021\/03\/resizedimage600434-Gronsaksfabriken-Granholm-4.jpg","width":600,"height":434},{"@type":"BreadcrumbList","@id":"https:\/\/www.kvarken.org\/fi\/pohjalainen-kerakaali-lahiruokaa-myos-vasterbottenissa\/#breadcrumb","itemListElement":[{"@type":"ListItem","position":1,"name":"Hem","item":"https:\/\/www.kvarken.org\/fi\/"},{"@type":"ListItem","position":2,"name":"Pohjalainen ker\u00e4kaali \u2013 l\u00e4hiruokaa my\u00f6s V\u00e4sterbottenissa"}]},{"@type":"WebSite","@id":"https:\/\/www.kvarken.org\/fi\/#website","url":"https:\/\/www.kvarken.org\/fi\/","name":"Kvarkenr\u00e5det","description":"","potentialAction":[{"@type":"SearchAction","target":{"@type":"EntryPoint","urlTemplate":"https:\/\/www.kvarken.org\/fi\/?s={search_term_string}"},"query-input":{"@type":"PropertyValueSpecification","valueRequired":true,"valueName":"search_term_string"}}],"inLanguage":"fi"},{"@type":"Person","@id":"https:\/\/www.kvarken.org\/fi\/#\/schema\/person\/c0191caa861afff47bc50292a6905da2","name":"jokommunikation_agency","image":{"@type":"ImageObject","inLanguage":"fi","@id":"https:\/\/secure.gravatar.com\/avatar\/747179557db7fa831269f4829d55b0109a7684b8dd784a3f8f606bce8610f828?s=96&d=mm&r=g","url":"https:\/\/secure.gravatar.com\/avatar\/747179557db7fa831269f4829d55b0109a7684b8dd784a3f8f606bce8610f828?s=96&d=mm&r=g","contentUrl":"https:\/\/secure.gravatar.com\/avatar\/747179557db7fa831269f4829d55b0109a7684b8dd784a3f8f606bce8610f828?s=96&d=mm&r=g","caption":"jokommunikation_agency"}}]}},"_links":{"self":[{"href":"https:\/\/www.kvarken.org\/fi\/wp-json\/wp\/v2\/posts\/9223","targetHints":{"allow":["GET"]}}],"collection":[{"href":"https:\/\/www.kvarken.org\/fi\/wp-json\/wp\/v2\/posts"}],"about":[{"href":"https:\/\/www.kvarken.org\/fi\/wp-json\/wp\/v2\/types\/post"}],"author":[{"embeddable":true,"href":"https:\/\/www.kvarken.org\/fi\/wp-json\/wp\/v2\/users\/2"}],"replies":[{"embeddable":true,"href":"https:\/\/www.kvarken.org\/fi\/wp-json\/wp\/v2\/comments?post=9223"}],"version-history":[{"count":0,"href":"https:\/\/www.kvarken.org\/fi\/wp-json\/wp\/v2\/posts\/9223\/revisions"}],"wp:featuredmedia":[{"embeddable":true,"href":"https:\/\/www.kvarken.org\/fi\/wp-json\/wp\/v2\/media\/9220"}],"wp:attachment":[{"href":"https:\/\/www.kvarken.org\/fi\/wp-json\/wp\/v2\/media?parent=9223"}],"wp:term":[{"taxonomy":"category","embeddable":true,"href":"https:\/\/www.kvarken.org\/fi\/wp-json\/wp\/v2\/categories?post=9223"},{"taxonomy":"post_tag","embeddable":true,"href":"https:\/\/www.kvarken.org\/fi\/wp-json\/wp\/v2\/tags?post=9223"},{"taxonomy":"amnen","embeddable":true,"href":"https:\/\/www.kvarken.org\/fi\/wp-json\/wp\/v2\/amnen?post=9223"}],"curies":[{"name":"wp","href":"https:\/\/api.w.org\/{rel}","templated":true}]}}