{"id":9275,"date":"2017-11-08T08:22:47","date_gmt":"2017-11-08T08:22:47","guid":{"rendered":"https:\/\/kvarken.org\/merenkurkun-neuvoston-viestintavastaavan-tervehdys\/"},"modified":"2021-03-11T14:07:08","modified_gmt":"2021-03-11T14:07:08","slug":"merenkurkun-neuvoston-viestintavastaavan-tervehdys","status":"publish","type":"post","link":"https:\/\/www.kvarken.org\/fi\/merenkurkun-neuvoston-viestintavastaavan-tervehdys\/","title":{"rendered":"Merenkurkun neuvoston viestint\u00e4vastaavan tervehdys"},"content":{"rendered":"<p>Lyhyen pys\u00e4hdyksen taktiikka oli lokakuun yksi avainsanoista.<\/p>\n<p>Viime kuukaudet ovat olleet ty\u00f6nt\u00e4yteisi\u00e4 ja v\u00e4lill\u00e4 on tuntunut, ett\u00e4 kokonaisuuden hahmottaminen on ollut vaikeaa; monta hanketta ja ty\u00f6pakettia, samalla kun l\u00e4hes kaikki asiat ovat kytk\u00f6ksiss\u00e4 toisiinsa. Sen vuoksi lokakuun pys\u00e4hdykset ovat tulleet juuri oikeaan aikaan.<\/p>\n<p>Kaksi hankkeistamme,\u00a0<em>E12 Atlantica Transport<\/em>\u00a0ja\u00a0<em>Spotlight High-Low Coast<\/em>, p\u00e4\u00e4ttyv\u00e4t kes\u00e4\u00e4n menness\u00e4. Molemmat ovat todella hyv\u00e4ll\u00e4 mallilla ja saavuttamassa tavoitteensa, mutta silti on hyv\u00e4 tehd\u00e4 kunnon pys\u00e4hdys ja katsoa milt\u00e4 n\u00e4ytt\u00e4\u00e4. N\u00e4in teimme E12 Atlantica Transport hankkeessa ja saimme uutta puhtia ja energiaa. Samalla saimme hankeen p\u00e4\u00e4kohdat kiteytetty\u00e4 lyhyeen ja mielest\u00e4mme helposti ymm\u00e4rrett\u00e4v\u00e4\u00e4n esitteeseen (<a href=\"http:\/\/issuu.com\/bocksoffice\/docs\/e12_fin?e=6942936\/54409043\" target=\"_blank\" rel=\"noopener\">katso esite klikkaamalla t\u00e4t\u00e4<\/a>).\u00a0Suunta on ollut selv\u00e4 jo aiemmin, mutta nyt my\u00f6s muut voivat n\u00e4hd\u00e4 sen kirkkaammin.<\/p>\n<p>Suunta kirkastui my\u00f6s, kun kuutisenkymment\u00e4 poliitikkoa, virkamiest\u00e4 ja elinkeinoel\u00e4m\u00e4n edustajaa E12-v\u00e4yl\u00e4n kunnista Norjasta, Ruotsista ja Suomesta kokoontui 25.\u201326. lokakuuta Vaasaan saman hankkeen j\u00e4rjest\u00e4m\u00e4\u00e4n kaksip\u00e4iv\u00e4iseen Nordligt Forum \u2013ty\u00f6pajaan. Osallistujat pys\u00e4htyiv\u00e4t yhdess\u00e4 miettim\u00e4\u00e4n t\u00e4m\u00e4nhetkisen rajat ylitt\u00e4v\u00e4n yhteisty\u00f6n h\u00e4pe\u00e4n pilkkuja, ylpeyden aiheita ja keskustelivat siit\u00e4, miten yhteisty\u00f6t\u00e4 halutaan jatkaa. Lopputulemana oli, ett\u00e4 yhteisty\u00f6t\u00e4 halutaan jalostaa edelleen ja EAYY (eurooppalainen alueellisen yhteisty\u00f6n yhtym\u00e4, eng. EGTC) n\u00e4htiin sopivimpana tulevaisuuden yhteisty\u00f6mallina. Hanke sai t\u00e4m\u00e4n pys\u00e4hdyksen avulla ev\u00e4it\u00e4 jatkaa EAYYn mahdollisuuksien ja haasteiden selvittely\u00e4 mm. p\u00e4ivien aikana esiin nousseiden kysymysten pohjalta (lue lis\u00e4\u00e4:\u00a0<a href=\"https:\/\/www.kvarken.org\/fi\/vilkas-keskustelu-uudesta-yhteistyomuodosta-heti-ensimmaisena-paivana\/\" target=\"_blank\" rel=\"noopener\">p\u00e4iv\u00e4 1<\/a>\u00a0ja<a href=\"https:\/\/www.kvarken.org\/fi\/kiihkea-keskustelu-pitkajanteisesta-rajat-ylittavasta-tulevaisuuden-yhteistyomallista\/\" target=\"_blank\" rel=\"noopener\">\u00a0p\u00e4iv\u00e4 2<\/a>).<\/p>\n<p>My\u00f6s matkailuhankkeessa Spotlight High-Low Coast on pys\u00e4hdytty miettim\u00e4\u00e4n miten yhteist\u00e4 rajat ylitt\u00e4v\u00e4\u00e4, ja kansainv\u00e4lisest\u00e4 n\u00e4k\u00f6kulmasta katsottuna yhten\u00e4 matkailukohteena mielletty\u00e4 aluettamme, voisi markkinoida yhteisesti. Osa pohdintojen tuloksista julkistettiin lokakuun viimeisin\u00e4 p\u00e4ivin\u00e4, nimitt\u00e4in matkailuorganisaatioiden Visit Vaasa, H\u00f6ga Kusten Turism ja Visit Ume\u00e5n yhteinen videomuodossa oleva upea markkinointiaineisto, joka vahvistaa valtionrajat ylitt\u00e4v\u00e4\u00e4 yhteisty\u00f6t\u00e4 ja jonka toivotaan houkuttelevan sek\u00e4 kansallisia ett\u00e4 kansainv\u00e4lisi\u00e4 matkailijoita yhteiselle alueellemme (katso filmit:\u00a0<a href=\"https:\/\/www.youtube.com\/watch?v=kHr7UnenE6o\" target=\"_blank\" rel=\"noopener\">Kes\u00e4<\/a>\u00a0ja\u00a0<a href=\"https:\/\/www.youtube.com\/watch?v=UQs-0kF0YbU\" target=\"_blank\" rel=\"noopener\">Kes\u00e4aktiviteetit<\/a>\u00a0ja\u00a0<a href=\"https:\/\/www.kvarken.org\/fi\/yhteisella-filmituotannolla-kansainvalisille-markkinoille\/\" target=\"_blank\" rel=\"noopener\">lue lis\u00e4\u00e4 t\u00e4\u00e4lt\u00e4<\/a>).<\/p>\n<p><em>MABA II<\/em>, eli\u00a0<em>Midway Alignment<\/em>\u00a0tukihanke, etenee hyv\u00e4\u00e4 vauhtia ja on hyvin konkreettisessa ja mielenkiintoisessa vaiheessa. Ty\u00f6n alla ovat mm. selvitykset rahoitusj\u00e4rjestelyist\u00e4, jotta toteuttaminen, eli mm. laivan rakennuttaminen, voitaisiin k\u00e4ynnist\u00e4\u00e4 jo ensi vuonna. T\u00e4ss\u00e4 hankkeessa suunta on t\u00e4ysin selv\u00e4 ja kaikki sen eteen ty\u00f6t\u00e4 tekev\u00e4t ovat tehneet m\u00e4\u00e4r\u00e4tietoista ja erinomaista ty\u00f6t\u00e4.<\/p>\n<p>Olen opettanut lapsilleni, ett\u00e4 suunnistaessa on t\u00e4rke\u00e4\u00e4 pys\u00e4hty\u00e4, mik\u00e4li tuntee ep\u00e4varmuutta sijainnistaan. Silloin on hyv\u00e4 katsoa miten paikkaan p\u00e4\u00e4tyi, miss\u00e4 viimeksi oli varma sijainnistaan ja tarvittaessa palata siihen paikkaan. Hapuilu on tehotonta ja vie turhan paljon aikaa ja energiaa. Pieni pys\u00e4hdys ei ole pahaksi!<\/p>\n<p>Mukavaa ja energist\u00e4 syksyn jatkoa,<\/p>\n<p>Johanna H\u00e4ggman<br \/>\nMerenkurkun neuvoston viestint\u00e4vastaava<\/p>\n","protected":false},"excerpt":{"rendered":"<p>Viime kuukaudet ovat olleet ty\u00f6nt\u00e4yteisi\u00e4 ja v\u00e4lill\u00e4 on tuntunut, ett\u00e4 kokonaisuuden hahmottaminen on ollut vaikeaa; monta hanketta ja ty\u00f6pakettia, samalla kun l\u00e4hes kaikki asiat ovat kytk\u00f6ksiss\u00e4 toisiinsa. Sen vuoksi lokakuun pys\u00e4hdykset ovat tulleet juuri oikeaan aikaan.\u2028<\/p>\n","protected":false},"author":2,"featured_media":5443,"comment_status":"open","ping_status":"open","sticky":false,"template":"","format":"standard","meta":{"_acf_changed":false,"_et_pb_use_builder":"","_et_pb_old_content":"","_et_gb_content_width":"","footnotes":""},"categories":[13],"tags":[],"amnen":[100,87],"class_list":["post-9275","post","type-post","status-publish","format-standard","has-post-thumbnail","hentry","category-uncategorized-fi","amnen-eayy","amnen-tervehdys"],"acf":[],"yoast_head":"<!-- This site is optimized with the Yoast SEO plugin v27.4 - https:\/\/yoast.com\/product\/yoast-seo-wordpress\/ -->\n<title>Merenkurkun neuvoston viestint\u00e4vastaavan tervehdys - Kvarkenr\u00e5det<\/title>\n<meta name=\"robots\" content=\"index, follow, max-snippet:-1, max-image-preview:large, max-video-preview:-1\" \/>\n<link rel=\"canonical\" href=\"https:\/\/www.kvarken.org\/fi\/merenkurkun-neuvoston-viestintavastaavan-tervehdys\/\" \/>\n<meta property=\"og:locale\" content=\"fi_FI\" \/>\n<meta property=\"og:type\" content=\"article\" \/>\n<meta property=\"og:title\" content=\"Merenkurkun neuvoston viestint\u00e4vastaavan tervehdys - Kvarkenr\u00e5det\" \/>\n<meta property=\"og:description\" content=\"Viime kuukaudet ovat olleet ty\u00f6nt\u00e4yteisi\u00e4 ja v\u00e4lill\u00e4 on tuntunut, ett\u00e4 kokonaisuuden hahmottaminen on ollut vaikeaa; monta hanketta ja ty\u00f6pakettia, samalla kun l\u00e4hes kaikki asiat ovat kytk\u00f6ksiss\u00e4 toisiinsa. Sen vuoksi lokakuun pys\u00e4hdykset ovat tulleet juuri oikeaan aikaan.\u2028\" \/>\n<meta property=\"og:url\" content=\"https:\/\/www.kvarken.org\/fi\/merenkurkun-neuvoston-viestintavastaavan-tervehdys\/\" \/>\n<meta property=\"og:site_name\" content=\"Kvarkenr\u00e5det\" \/>\n<meta property=\"article:published_time\" content=\"2017-11-08T08:22:47+00:00\" \/>\n<meta property=\"article:modified_time\" content=\"2021-03-11T14:07:08+00:00\" \/>\n<meta property=\"og:image\" content=\"https:\/\/www.kvarken.org\/wp-content\/uploads\/2020\/12\/MG_7564-1.jpg\" \/>\n\t<meta property=\"og:image:width\" content=\"566\" \/>\n\t<meta property=\"og:image:height\" content=\"800\" \/>\n\t<meta property=\"og:image:type\" content=\"image\/jpeg\" \/>\n<meta name=\"author\" content=\"jokommunikation_agency\" \/>\n<meta name=\"twitter:card\" content=\"summary_large_image\" \/>\n<meta name=\"twitter:label1\" content=\"Kirjoittanut\" \/>\n\t<meta name=\"twitter:data1\" content=\"jokommunikation_agency\" \/>\n\t<meta name=\"twitter:label2\" content=\"Arvioitu lukuaika\" \/>\n\t<meta name=\"twitter:data2\" content=\"2 minuuttia\" \/>\n<script type=\"application\/ld+json\" class=\"yoast-schema-graph\">{\"@context\":\"https:\\\/\\\/schema.org\",\"@graph\":[{\"@type\":\"Article\",\"@id\":\"https:\\\/\\\/www.kvarken.org\\\/fi\\\/merenkurkun-neuvoston-viestintavastaavan-tervehdys\\\/#article\",\"isPartOf\":{\"@id\":\"https:\\\/\\\/www.kvarken.org\\\/fi\\\/merenkurkun-neuvoston-viestintavastaavan-tervehdys\\\/\"},\"author\":{\"name\":\"jokommunikation_agency\",\"@id\":\"https:\\\/\\\/www.kvarken.org\\\/fi\\\/#\\\/schema\\\/person\\\/c0191caa861afff47bc50292a6905da2\"},\"headline\":\"Merenkurkun neuvoston viestint\u00e4vastaavan tervehdys\",\"datePublished\":\"2017-11-08T08:22:47+00:00\",\"dateModified\":\"2021-03-11T14:07:08+00:00\",\"mainEntityOfPage\":{\"@id\":\"https:\\\/\\\/www.kvarken.org\\\/fi\\\/merenkurkun-neuvoston-viestintavastaavan-tervehdys\\\/\"},\"wordCount\":474,\"commentCount\":0,\"image\":{\"@id\":\"https:\\\/\\\/www.kvarken.org\\\/fi\\\/merenkurkun-neuvoston-viestintavastaavan-tervehdys\\\/#primaryimage\"},\"thumbnailUrl\":\"https:\\\/\\\/www.kvarken.org\\\/wp-content\\\/uploads\\\/2020\\\/12\\\/MG_7564-1.jpg\",\"articleSection\":[\"Uncategorized @fi\"],\"inLanguage\":\"fi\",\"potentialAction\":[{\"@type\":\"CommentAction\",\"name\":\"Comment\",\"target\":[\"https:\\\/\\\/www.kvarken.org\\\/fi\\\/merenkurkun-neuvoston-viestintavastaavan-tervehdys\\\/#respond\"]}]},{\"@type\":\"WebPage\",\"@id\":\"https:\\\/\\\/www.kvarken.org\\\/fi\\\/merenkurkun-neuvoston-viestintavastaavan-tervehdys\\\/\",\"url\":\"https:\\\/\\\/www.kvarken.org\\\/fi\\\/merenkurkun-neuvoston-viestintavastaavan-tervehdys\\\/\",\"name\":\"Merenkurkun neuvoston viestint\u00e4vastaavan tervehdys - Kvarkenr\u00e5det\",\"isPartOf\":{\"@id\":\"https:\\\/\\\/www.kvarken.org\\\/fi\\\/#website\"},\"primaryImageOfPage\":{\"@id\":\"https:\\\/\\\/www.kvarken.org\\\/fi\\\/merenkurkun-neuvoston-viestintavastaavan-tervehdys\\\/#primaryimage\"},\"image\":{\"@id\":\"https:\\\/\\\/www.kvarken.org\\\/fi\\\/merenkurkun-neuvoston-viestintavastaavan-tervehdys\\\/#primaryimage\"},\"thumbnailUrl\":\"https:\\\/\\\/www.kvarken.org\\\/wp-content\\\/uploads\\\/2020\\\/12\\\/MG_7564-1.jpg\",\"datePublished\":\"2017-11-08T08:22:47+00:00\",\"dateModified\":\"2021-03-11T14:07:08+00:00\",\"author\":{\"@id\":\"https:\\\/\\\/www.kvarken.org\\\/fi\\\/#\\\/schema\\\/person\\\/c0191caa861afff47bc50292a6905da2\"},\"breadcrumb\":{\"@id\":\"https:\\\/\\\/www.kvarken.org\\\/fi\\\/merenkurkun-neuvoston-viestintavastaavan-tervehdys\\\/#breadcrumb\"},\"inLanguage\":\"fi\",\"potentialAction\":[{\"@type\":\"ReadAction\",\"target\":[\"https:\\\/\\\/www.kvarken.org\\\/fi\\\/merenkurkun-neuvoston-viestintavastaavan-tervehdys\\\/\"]}]},{\"@type\":\"ImageObject\",\"inLanguage\":\"fi\",\"@id\":\"https:\\\/\\\/www.kvarken.org\\\/fi\\\/merenkurkun-neuvoston-viestintavastaavan-tervehdys\\\/#primaryimage\",\"url\":\"https:\\\/\\\/www.kvarken.org\\\/wp-content\\\/uploads\\\/2020\\\/12\\\/MG_7564-1.jpg\",\"contentUrl\":\"https:\\\/\\\/www.kvarken.org\\\/wp-content\\\/uploads\\\/2020\\\/12\\\/MG_7564-1.jpg\",\"width\":566,\"height\":800,\"caption\":\"Johanna H\u00e4ggman\"},{\"@type\":\"BreadcrumbList\",\"@id\":\"https:\\\/\\\/www.kvarken.org\\\/fi\\\/merenkurkun-neuvoston-viestintavastaavan-tervehdys\\\/#breadcrumb\",\"itemListElement\":[{\"@type\":\"ListItem\",\"position\":1,\"name\":\"Hem\",\"item\":\"https:\\\/\\\/www.kvarken.org\\\/fi\\\/\"},{\"@type\":\"ListItem\",\"position\":2,\"name\":\"Merenkurkun neuvoston viestint\u00e4vastaavan tervehdys\"}]},{\"@type\":\"WebSite\",\"@id\":\"https:\\\/\\\/www.kvarken.org\\\/fi\\\/#website\",\"url\":\"https:\\\/\\\/www.kvarken.org\\\/fi\\\/\",\"name\":\"Kvarkenr\u00e5det\",\"description\":\"\",\"potentialAction\":[{\"@type\":\"SearchAction\",\"target\":{\"@type\":\"EntryPoint\",\"urlTemplate\":\"https:\\\/\\\/www.kvarken.org\\\/fi\\\/?s={search_term_string}\"},\"query-input\":{\"@type\":\"PropertyValueSpecification\",\"valueRequired\":true,\"valueName\":\"search_term_string\"}}],\"inLanguage\":\"fi\"},{\"@type\":\"Person\",\"@id\":\"https:\\\/\\\/www.kvarken.org\\\/fi\\\/#\\\/schema\\\/person\\\/c0191caa861afff47bc50292a6905da2\",\"name\":\"jokommunikation_agency\",\"image\":{\"@type\":\"ImageObject\",\"inLanguage\":\"fi\",\"@id\":\"https:\\\/\\\/secure.gravatar.com\\\/avatar\\\/747179557db7fa831269f4829d55b0109a7684b8dd784a3f8f606bce8610f828?s=96&d=mm&r=g\",\"url\":\"https:\\\/\\\/secure.gravatar.com\\\/avatar\\\/747179557db7fa831269f4829d55b0109a7684b8dd784a3f8f606bce8610f828?s=96&d=mm&r=g\",\"contentUrl\":\"https:\\\/\\\/secure.gravatar.com\\\/avatar\\\/747179557db7fa831269f4829d55b0109a7684b8dd784a3f8f606bce8610f828?s=96&d=mm&r=g\",\"caption\":\"jokommunikation_agency\"}}]}<\/script>\n<!-- \/ Yoast SEO plugin. -->","yoast_head_json":{"title":"Merenkurkun neuvoston viestint\u00e4vastaavan tervehdys - Kvarkenr\u00e5det","robots":{"index":"index","follow":"follow","max-snippet":"max-snippet:-1","max-image-preview":"max-image-preview:large","max-video-preview":"max-video-preview:-1"},"canonical":"https:\/\/www.kvarken.org\/fi\/merenkurkun-neuvoston-viestintavastaavan-tervehdys\/","og_locale":"fi_FI","og_type":"article","og_title":"Merenkurkun neuvoston viestint\u00e4vastaavan tervehdys - Kvarkenr\u00e5det","og_description":"Viime kuukaudet ovat olleet ty\u00f6nt\u00e4yteisi\u00e4 ja v\u00e4lill\u00e4 on tuntunut, ett\u00e4 kokonaisuuden hahmottaminen on ollut vaikeaa; monta hanketta ja ty\u00f6pakettia, samalla kun l\u00e4hes kaikki asiat ovat kytk\u00f6ksiss\u00e4 toisiinsa. Sen vuoksi lokakuun pys\u00e4hdykset ovat tulleet juuri oikeaan aikaan.\u2028","og_url":"https:\/\/www.kvarken.org\/fi\/merenkurkun-neuvoston-viestintavastaavan-tervehdys\/","og_site_name":"Kvarkenr\u00e5det","article_published_time":"2017-11-08T08:22:47+00:00","article_modified_time":"2021-03-11T14:07:08+00:00","og_image":[{"width":566,"height":800,"url":"https:\/\/www.kvarken.org\/wp-content\/uploads\/2020\/12\/MG_7564-1.jpg","type":"image\/jpeg"}],"author":"jokommunikation_agency","twitter_card":"summary_large_image","twitter_misc":{"Kirjoittanut":"jokommunikation_agency","Arvioitu lukuaika":"2 minuuttia"},"schema":{"@context":"https:\/\/schema.org","@graph":[{"@type":"Article","@id":"https:\/\/www.kvarken.org\/fi\/merenkurkun-neuvoston-viestintavastaavan-tervehdys\/#article","isPartOf":{"@id":"https:\/\/www.kvarken.org\/fi\/merenkurkun-neuvoston-viestintavastaavan-tervehdys\/"},"author":{"name":"jokommunikation_agency","@id":"https:\/\/www.kvarken.org\/fi\/#\/schema\/person\/c0191caa861afff47bc50292a6905da2"},"headline":"Merenkurkun neuvoston viestint\u00e4vastaavan tervehdys","datePublished":"2017-11-08T08:22:47+00:00","dateModified":"2021-03-11T14:07:08+00:00","mainEntityOfPage":{"@id":"https:\/\/www.kvarken.org\/fi\/merenkurkun-neuvoston-viestintavastaavan-tervehdys\/"},"wordCount":474,"commentCount":0,"image":{"@id":"https:\/\/www.kvarken.org\/fi\/merenkurkun-neuvoston-viestintavastaavan-tervehdys\/#primaryimage"},"thumbnailUrl":"https:\/\/www.kvarken.org\/wp-content\/uploads\/2020\/12\/MG_7564-1.jpg","articleSection":["Uncategorized @fi"],"inLanguage":"fi","potentialAction":[{"@type":"CommentAction","name":"Comment","target":["https:\/\/www.kvarken.org\/fi\/merenkurkun-neuvoston-viestintavastaavan-tervehdys\/#respond"]}]},{"@type":"WebPage","@id":"https:\/\/www.kvarken.org\/fi\/merenkurkun-neuvoston-viestintavastaavan-tervehdys\/","url":"https:\/\/www.kvarken.org\/fi\/merenkurkun-neuvoston-viestintavastaavan-tervehdys\/","name":"Merenkurkun neuvoston viestint\u00e4vastaavan tervehdys - Kvarkenr\u00e5det","isPartOf":{"@id":"https:\/\/www.kvarken.org\/fi\/#website"},"primaryImageOfPage":{"@id":"https:\/\/www.kvarken.org\/fi\/merenkurkun-neuvoston-viestintavastaavan-tervehdys\/#primaryimage"},"image":{"@id":"https:\/\/www.kvarken.org\/fi\/merenkurkun-neuvoston-viestintavastaavan-tervehdys\/#primaryimage"},"thumbnailUrl":"https:\/\/www.kvarken.org\/wp-content\/uploads\/2020\/12\/MG_7564-1.jpg","datePublished":"2017-11-08T08:22:47+00:00","dateModified":"2021-03-11T14:07:08+00:00","author":{"@id":"https:\/\/www.kvarken.org\/fi\/#\/schema\/person\/c0191caa861afff47bc50292a6905da2"},"breadcrumb":{"@id":"https:\/\/www.kvarken.org\/fi\/merenkurkun-neuvoston-viestintavastaavan-tervehdys\/#breadcrumb"},"inLanguage":"fi","potentialAction":[{"@type":"ReadAction","target":["https:\/\/www.kvarken.org\/fi\/merenkurkun-neuvoston-viestintavastaavan-tervehdys\/"]}]},{"@type":"ImageObject","inLanguage":"fi","@id":"https:\/\/www.kvarken.org\/fi\/merenkurkun-neuvoston-viestintavastaavan-tervehdys\/#primaryimage","url":"https:\/\/www.kvarken.org\/wp-content\/uploads\/2020\/12\/MG_7564-1.jpg","contentUrl":"https:\/\/www.kvarken.org\/wp-content\/uploads\/2020\/12\/MG_7564-1.jpg","width":566,"height":800,"caption":"Johanna H\u00e4ggman"},{"@type":"BreadcrumbList","@id":"https:\/\/www.kvarken.org\/fi\/merenkurkun-neuvoston-viestintavastaavan-tervehdys\/#breadcrumb","itemListElement":[{"@type":"ListItem","position":1,"name":"Hem","item":"https:\/\/www.kvarken.org\/fi\/"},{"@type":"ListItem","position":2,"name":"Merenkurkun neuvoston viestint\u00e4vastaavan tervehdys"}]},{"@type":"WebSite","@id":"https:\/\/www.kvarken.org\/fi\/#website","url":"https:\/\/www.kvarken.org\/fi\/","name":"Kvarkenr\u00e5det","description":"","potentialAction":[{"@type":"SearchAction","target":{"@type":"EntryPoint","urlTemplate":"https:\/\/www.kvarken.org\/fi\/?s={search_term_string}"},"query-input":{"@type":"PropertyValueSpecification","valueRequired":true,"valueName":"search_term_string"}}],"inLanguage":"fi"},{"@type":"Person","@id":"https:\/\/www.kvarken.org\/fi\/#\/schema\/person\/c0191caa861afff47bc50292a6905da2","name":"jokommunikation_agency","image":{"@type":"ImageObject","inLanguage":"fi","@id":"https:\/\/secure.gravatar.com\/avatar\/747179557db7fa831269f4829d55b0109a7684b8dd784a3f8f606bce8610f828?s=96&d=mm&r=g","url":"https:\/\/secure.gravatar.com\/avatar\/747179557db7fa831269f4829d55b0109a7684b8dd784a3f8f606bce8610f828?s=96&d=mm&r=g","contentUrl":"https:\/\/secure.gravatar.com\/avatar\/747179557db7fa831269f4829d55b0109a7684b8dd784a3f8f606bce8610f828?s=96&d=mm&r=g","caption":"jokommunikation_agency"}}]}},"_links":{"self":[{"href":"https:\/\/www.kvarken.org\/fi\/wp-json\/wp\/v2\/posts\/9275","targetHints":{"allow":["GET"]}}],"collection":[{"href":"https:\/\/www.kvarken.org\/fi\/wp-json\/wp\/v2\/posts"}],"about":[{"href":"https:\/\/www.kvarken.org\/fi\/wp-json\/wp\/v2\/types\/post"}],"author":[{"embeddable":true,"href":"https:\/\/www.kvarken.org\/fi\/wp-json\/wp\/v2\/users\/2"}],"replies":[{"embeddable":true,"href":"https:\/\/www.kvarken.org\/fi\/wp-json\/wp\/v2\/comments?post=9275"}],"version-history":[{"count":0,"href":"https:\/\/www.kvarken.org\/fi\/wp-json\/wp\/v2\/posts\/9275\/revisions"}],"wp:featuredmedia":[{"embeddable":true,"href":"https:\/\/www.kvarken.org\/fi\/wp-json\/wp\/v2\/media\/5443"}],"wp:attachment":[{"href":"https:\/\/www.kvarken.org\/fi\/wp-json\/wp\/v2\/media?parent=9275"}],"wp:term":[{"taxonomy":"category","embeddable":true,"href":"https:\/\/www.kvarken.org\/fi\/wp-json\/wp\/v2\/categories?post=9275"},{"taxonomy":"post_tag","embeddable":true,"href":"https:\/\/www.kvarken.org\/fi\/wp-json\/wp\/v2\/tags?post=9275"},{"taxonomy":"amnen","embeddable":true,"href":"https:\/\/www.kvarken.org\/fi\/wp-json\/wp\/v2\/amnen?post=9275"}],"curies":[{"name":"wp","href":"https:\/\/api.w.org\/{rel}","templated":true}]}}