{"id":9452,"date":"2017-10-25T13:09:02","date_gmt":"2017-10-25T13:09:02","guid":{"rendered":"https:\/\/kvarken.org\/vilkas-keskustelu-uudesta-yhteistyomuodosta-heti-ensimmaisena-paivana\/"},"modified":"2021-03-11T13:15:29","modified_gmt":"2021-03-11T13:15:29","slug":"vilkas-keskustelu-uudesta-yhteistyomuodosta-heti-ensimmaisena-paivana","status":"publish","type":"post","link":"https:\/\/www.kvarken.org\/fi\/vilkas-keskustelu-uudesta-yhteistyomuodosta-heti-ensimmaisena-paivana\/","title":{"rendered":"Vilkas keskustelu uudesta yhteisty\u00f6muodosta heti ensimm\u00e4isen\u00e4 p\u00e4iv\u00e4n\u00e4"},"content":{"rendered":"<div class=\"item\">\n<p>Lehdist\u00f6tiedote 25.10.2017<\/p>\n<p><strong>Vilkas keskustelu uudesta yhteisty\u00f6muodosta heti ensimm\u00e4isen\u00e4 p\u00e4iv\u00e4n\u00e4<\/strong><\/p>\n<p>Nordligt Forumin ensimm\u00e4inen ty\u00f6pajap\u00e4iv\u00e4 on takana. Keskustelu E12-v\u00e4yl\u00e4n varrella vaikuttavien suomalaisten, ruotsalaisten ja norjalaisten politikoiden, virkamiesten ja asiantuntijoiden kesken oli vilkasta.<br \/>\nP\u00e4ivien tarkoitus on tehokkaalla tavalla kartoittaa millainen n\u00e4iden jo kauan yhteisty\u00f6t\u00e4 tehneiden kumppaneiden tulevaisuuden toiminta- ja organisaatiomalli voisi olla.<\/p>\n<p>\u2013Ensimm\u00e4isen p\u00e4iv\u00e4n aikana olemme keskustelleen yhteisest\u00e4 historiastamme ja nykytilanteesta, voidaksemme huomenna keskitty\u00e4 tulevaisuuden tarpeisiin, uhkiin ja mahdollisuuksiin, kertoo\u00a0<strong>Mathias Lindstr\u00f6m<\/strong>, Merenkurkun neuvoston johtaja.<\/p>\n<p>\u2013P\u00e4iv\u00e4\u00e4 on ollut mielenkiintoinen. Olemme kokoontuneet yhteisen aiheen \u00e4\u00e4relle, eik\u00e4 kukaan tied\u00e4 viel\u00e4 mihin t\u00e4m\u00e4 johtaa. P\u00e4iv\u00e4 on n\u00e4ytt\u00e4nyt, ett\u00e4 kaikilla on tavoite l\u00f6yt\u00e4\u00e4 yhteinen alusta, sanoo\u00a0<strong>Lilly B\u00e4cklund<\/strong>, Lyckselen kunnan kunnanvaltuuston puheenjohtaja ja Merenkurkun neuvoston hallituksen j\u00e4sen.<\/p>\n<p>\u2013EAYYt\u00e4 (eurooppalainen alueellisen yhteisty\u00f6n yhtym\u00e4, eng. EGTC) on jo pitk\u00e4\u00e4n pidetty mahdollisena tulevaisuuden yhteisty\u00f6mallina, mutta prosessi ei ole valmis ja vasta huomenna tied\u00e4mme yhteisen kantamme. Odotan j\u00e4nnityksell\u00e4 huomisia keskusteluita,\u00a0<strong>Kim Berg<\/strong>, Vaasan kaupunginhallituksen puheenjohtaja, lis\u00e4\u00e4.<\/p>\n<p>Toisen ty\u00f6pajap\u00e4iv\u00e4n agendalla on l\u00f6yt\u00e4\u00e4 ne keskeiset yhteisty\u00f6alat, joiden parissa E12-alueella halutaan jatkossa tehd\u00e4 voimakkaampaa yhteisty\u00f6t\u00e4. Tavoitteena on my\u00f6s esitell\u00e4 alueelle sopivia konkreettisia yhteisty\u00f6muotoja, valita niist\u00e4 E12-alueelle sopivin ja keskustella siit\u00e4, miten edet\u00e4 ja realisoida se.<\/p>\n<p>Nordligt forumin j\u00e4rjest\u00e4\u00e4 Interreg-rahoitteinen E12 Atlantica Transport \u2013hanke. Hanke on E12-liikennev\u00e4yl\u00e4n varrella toimivien suomalaisten, ruotsalaisten ja norjalaisten kumppaneiden yhteisty\u00f6hanke, joka kartoittaa rajat ylitt\u00e4v\u00e4t yhteisty\u00f6mahdollisuudet ja esitt\u00e4\u00e4 hankkeen p\u00e4\u00e4ttyess\u00e4 kumppaneille uutta tulevaisuuden toiminta- ja organisaatiomallia.<\/p>\n<p><strong>Lis\u00e4tietoja antaa:<\/strong><br \/>\nMathias Lindstr\u00f6m, Merenkurkun neuvoston johtaja +35850 918 6462<\/p>\n<p>&nbsp;<\/p>\n<p><img decoding=\"async\" class=\" leftAlone\" title=\"\" src=\"https:\/\/web4.creamarketing.com\/kvarken.org\/assets\/Uploads\/_resampled\/resizedimage356100-Intrerreg-BA-FI-RGB.jpg\" alt=\"Intrerreg BA FI RGB\" width=\"356\" height=\"100\" \/><\/p>\n<p><em>E12 Atlantica Transport &#8211; E12-liikennek\u00e4yt\u00e4v\u00e4n varrella vaikuttavien suomalaisten, ruotsalaisten ja norjalaisten kumppaneiden yhteisty\u00f6hanke, joka keskittyy toimivaan rahdin ja matkustajien kuljetusv\u00e4yl\u00e4\u00e4n, yhteisiin valtionrajat ylitt\u00e4vien strategioiden suunnittelun sek\u00e4 tulevaisuuden yhteisty\u00f6muotoihin.<\/em><\/p>\n<p><em>Hankkeen E12 Atlantica Transport kumppanit<\/em><br \/>\n<em>Merenkurkun neuvosto (Lead Part, FI), MidtSkandia (NO), Bl\u00e5 V\u00e4gen (SE) Region V\u00e4sterbotten (SE), Pohjanmaan liitt (FI), Nordland fylkeskommune (NO), Vaasanseudun Kehitys OY VASEK (FI), Uumajan kunta (SE), V\u00e4nn\u00e4sin kunta (SE), Vindelnin kunta (SE), Lyckselen kunta (SE), Storumanin kunta (SE), Infrastruktur i Ume\u00e5 AB INAB (SE), Rana Utviklingsselskap AS (NO), Ranan kunta (NO), Polarsirkelen Lufthavnutvikling (NO), Mo i Rana Havn (NO), Mo Industripark AS (NO), Alstahaug havnevesen KF (NO), Helgeland Havn IKS (NO)<\/em><\/p>\n<\/div>\n","protected":false},"excerpt":{"rendered":"<p>Nordligt Forumin ensimm\u00e4inen ty\u00f6pajap\u00e4iv\u00e4 on takana. Keskustelu E12-v\u00e4yl\u00e4n varrella vaikuttavien suomalaisten, ruotsalaisten ja norjalaisten politikoiden, virkamiesten ja asiantuntijoiden kesken oli vilkasta.<\/p>\n","protected":false},"author":2,"featured_media":9455,"comment_status":"open","ping_status":"open","sticky":false,"template":"","format":"standard","meta":{"_acf_changed":false,"_et_pb_use_builder":"","_et_pb_old_content":"","_et_gb_content_width":"","footnotes":""},"categories":[67,13],"tags":[],"amnen":[86],"class_list":["post-9452","post","type-post","status-publish","format-standard","has-post-thumbnail","hentry","category-lehdistotiedote","category-uncategorized-fi","amnen-yhteistyomuodot-fi"],"acf":[],"yoast_head":"<!-- This site is optimized with the Yoast SEO plugin v27.4 - https:\/\/yoast.com\/product\/yoast-seo-wordpress\/ -->\n<title>Vilkas keskustelu uudesta yhteisty\u00f6muodosta heti ensimm\u00e4isen\u00e4 p\u00e4iv\u00e4n\u00e4 - Kvarkenr\u00e5det<\/title>\n<meta name=\"robots\" content=\"index, follow, max-snippet:-1, max-image-preview:large, max-video-preview:-1\" \/>\n<link rel=\"canonical\" href=\"https:\/\/www.kvarken.org\/fi\/vilkas-keskustelu-uudesta-yhteistyomuodosta-heti-ensimmaisena-paivana\/\" \/>\n<meta property=\"og:locale\" content=\"fi_FI\" \/>\n<meta property=\"og:type\" content=\"article\" \/>\n<meta property=\"og:title\" content=\"Vilkas keskustelu uudesta yhteisty\u00f6muodosta heti ensimm\u00e4isen\u00e4 p\u00e4iv\u00e4n\u00e4 - Kvarkenr\u00e5det\" \/>\n<meta property=\"og:description\" content=\"Nordligt Forumin ensimm\u00e4inen ty\u00f6pajap\u00e4iv\u00e4 on takana. Keskustelu E12-v\u00e4yl\u00e4n varrella vaikuttavien suomalaisten, ruotsalaisten ja norjalaisten politikoiden, virkamiesten ja asiantuntijoiden kesken oli vilkasta.\" \/>\n<meta property=\"og:url\" content=\"https:\/\/www.kvarken.org\/fi\/vilkas-keskustelu-uudesta-yhteistyomuodosta-heti-ensimmaisena-paivana\/\" \/>\n<meta property=\"og:site_name\" content=\"Kvarkenr\u00e5det\" \/>\n<meta property=\"article:published_time\" content=\"2017-10-25T13:09:02+00:00\" \/>\n<meta property=\"article:modified_time\" content=\"2021-03-11T13:15:29+00:00\" \/>\n<meta property=\"og:image\" content=\"https:\/\/www.kvarken.org\/wp-content\/uploads\/2017\/10\/resizedimage590393-Nordligt-Forum-25.10.2017.jpg\" \/>\n\t<meta property=\"og:image:width\" content=\"590\" \/>\n\t<meta property=\"og:image:height\" content=\"393\" \/>\n\t<meta property=\"og:image:type\" content=\"image\/jpeg\" \/>\n<meta name=\"author\" content=\"jokommunikation_agency\" \/>\n<meta name=\"twitter:card\" content=\"summary_large_image\" \/>\n<meta name=\"twitter:label1\" content=\"Kirjoittanut\" \/>\n\t<meta name=\"twitter:data1\" content=\"jokommunikation_agency\" \/>\n\t<meta name=\"twitter:label2\" content=\"Arvioitu lukuaika\" \/>\n\t<meta name=\"twitter:data2\" content=\"2 minuuttia\" \/>\n<script type=\"application\/ld+json\" class=\"yoast-schema-graph\">{\"@context\":\"https:\\\/\\\/schema.org\",\"@graph\":[{\"@type\":\"Article\",\"@id\":\"https:\\\/\\\/www.kvarken.org\\\/fi\\\/vilkas-keskustelu-uudesta-yhteistyomuodosta-heti-ensimmaisena-paivana\\\/#article\",\"isPartOf\":{\"@id\":\"https:\\\/\\\/www.kvarken.org\\\/fi\\\/vilkas-keskustelu-uudesta-yhteistyomuodosta-heti-ensimmaisena-paivana\\\/\"},\"author\":{\"name\":\"jokommunikation_agency\",\"@id\":\"https:\\\/\\\/www.kvarken.org\\\/fi\\\/#\\\/schema\\\/person\\\/c0191caa861afff47bc50292a6905da2\"},\"headline\":\"Vilkas keskustelu uudesta yhteisty\u00f6muodosta heti ensimm\u00e4isen\u00e4 p\u00e4iv\u00e4n\u00e4\",\"datePublished\":\"2017-10-25T13:09:02+00:00\",\"dateModified\":\"2021-03-11T13:15:29+00:00\",\"mainEntityOfPage\":{\"@id\":\"https:\\\/\\\/www.kvarken.org\\\/fi\\\/vilkas-keskustelu-uudesta-yhteistyomuodosta-heti-ensimmaisena-paivana\\\/\"},\"wordCount\":403,\"commentCount\":0,\"image\":{\"@id\":\"https:\\\/\\\/www.kvarken.org\\\/fi\\\/vilkas-keskustelu-uudesta-yhteistyomuodosta-heti-ensimmaisena-paivana\\\/#primaryimage\"},\"thumbnailUrl\":\"https:\\\/\\\/www.kvarken.org\\\/wp-content\\\/uploads\\\/2017\\\/10\\\/resizedimage590393-Nordligt-Forum-25.10.2017.jpg\",\"articleSection\":[\"Lehdist\u00f6tiedote\",\"Uncategorized @fi\"],\"inLanguage\":\"fi\",\"potentialAction\":[{\"@type\":\"CommentAction\",\"name\":\"Comment\",\"target\":[\"https:\\\/\\\/www.kvarken.org\\\/fi\\\/vilkas-keskustelu-uudesta-yhteistyomuodosta-heti-ensimmaisena-paivana\\\/#respond\"]}]},{\"@type\":\"WebPage\",\"@id\":\"https:\\\/\\\/www.kvarken.org\\\/fi\\\/vilkas-keskustelu-uudesta-yhteistyomuodosta-heti-ensimmaisena-paivana\\\/\",\"url\":\"https:\\\/\\\/www.kvarken.org\\\/fi\\\/vilkas-keskustelu-uudesta-yhteistyomuodosta-heti-ensimmaisena-paivana\\\/\",\"name\":\"Vilkas keskustelu uudesta yhteisty\u00f6muodosta heti ensimm\u00e4isen\u00e4 p\u00e4iv\u00e4n\u00e4 - Kvarkenr\u00e5det\",\"isPartOf\":{\"@id\":\"https:\\\/\\\/www.kvarken.org\\\/fi\\\/#website\"},\"primaryImageOfPage\":{\"@id\":\"https:\\\/\\\/www.kvarken.org\\\/fi\\\/vilkas-keskustelu-uudesta-yhteistyomuodosta-heti-ensimmaisena-paivana\\\/#primaryimage\"},\"image\":{\"@id\":\"https:\\\/\\\/www.kvarken.org\\\/fi\\\/vilkas-keskustelu-uudesta-yhteistyomuodosta-heti-ensimmaisena-paivana\\\/#primaryimage\"},\"thumbnailUrl\":\"https:\\\/\\\/www.kvarken.org\\\/wp-content\\\/uploads\\\/2017\\\/10\\\/resizedimage590393-Nordligt-Forum-25.10.2017.jpg\",\"datePublished\":\"2017-10-25T13:09:02+00:00\",\"dateModified\":\"2021-03-11T13:15:29+00:00\",\"author\":{\"@id\":\"https:\\\/\\\/www.kvarken.org\\\/fi\\\/#\\\/schema\\\/person\\\/c0191caa861afff47bc50292a6905da2\"},\"breadcrumb\":{\"@id\":\"https:\\\/\\\/www.kvarken.org\\\/fi\\\/vilkas-keskustelu-uudesta-yhteistyomuodosta-heti-ensimmaisena-paivana\\\/#breadcrumb\"},\"inLanguage\":\"fi\",\"potentialAction\":[{\"@type\":\"ReadAction\",\"target\":[\"https:\\\/\\\/www.kvarken.org\\\/fi\\\/vilkas-keskustelu-uudesta-yhteistyomuodosta-heti-ensimmaisena-paivana\\\/\"]}]},{\"@type\":\"ImageObject\",\"inLanguage\":\"fi\",\"@id\":\"https:\\\/\\\/www.kvarken.org\\\/fi\\\/vilkas-keskustelu-uudesta-yhteistyomuodosta-heti-ensimmaisena-paivana\\\/#primaryimage\",\"url\":\"https:\\\/\\\/www.kvarken.org\\\/wp-content\\\/uploads\\\/2017\\\/10\\\/resizedimage590393-Nordligt-Forum-25.10.2017.jpg\",\"contentUrl\":\"https:\\\/\\\/www.kvarken.org\\\/wp-content\\\/uploads\\\/2017\\\/10\\\/resizedimage590393-Nordligt-Forum-25.10.2017.jpg\",\"width\":590,\"height\":393},{\"@type\":\"BreadcrumbList\",\"@id\":\"https:\\\/\\\/www.kvarken.org\\\/fi\\\/vilkas-keskustelu-uudesta-yhteistyomuodosta-heti-ensimmaisena-paivana\\\/#breadcrumb\",\"itemListElement\":[{\"@type\":\"ListItem\",\"position\":1,\"name\":\"Hem\",\"item\":\"https:\\\/\\\/www.kvarken.org\\\/fi\\\/\"},{\"@type\":\"ListItem\",\"position\":2,\"name\":\"Vilkas keskustelu uudesta yhteisty\u00f6muodosta heti ensimm\u00e4isen\u00e4 p\u00e4iv\u00e4n\u00e4\"}]},{\"@type\":\"WebSite\",\"@id\":\"https:\\\/\\\/www.kvarken.org\\\/fi\\\/#website\",\"url\":\"https:\\\/\\\/www.kvarken.org\\\/fi\\\/\",\"name\":\"Kvarkenr\u00e5det\",\"description\":\"\",\"potentialAction\":[{\"@type\":\"SearchAction\",\"target\":{\"@type\":\"EntryPoint\",\"urlTemplate\":\"https:\\\/\\\/www.kvarken.org\\\/fi\\\/?s={search_term_string}\"},\"query-input\":{\"@type\":\"PropertyValueSpecification\",\"valueRequired\":true,\"valueName\":\"search_term_string\"}}],\"inLanguage\":\"fi\"},{\"@type\":\"Person\",\"@id\":\"https:\\\/\\\/www.kvarken.org\\\/fi\\\/#\\\/schema\\\/person\\\/c0191caa861afff47bc50292a6905da2\",\"name\":\"jokommunikation_agency\",\"image\":{\"@type\":\"ImageObject\",\"inLanguage\":\"fi\",\"@id\":\"https:\\\/\\\/secure.gravatar.com\\\/avatar\\\/747179557db7fa831269f4829d55b0109a7684b8dd784a3f8f606bce8610f828?s=96&d=mm&r=g\",\"url\":\"https:\\\/\\\/secure.gravatar.com\\\/avatar\\\/747179557db7fa831269f4829d55b0109a7684b8dd784a3f8f606bce8610f828?s=96&d=mm&r=g\",\"contentUrl\":\"https:\\\/\\\/secure.gravatar.com\\\/avatar\\\/747179557db7fa831269f4829d55b0109a7684b8dd784a3f8f606bce8610f828?s=96&d=mm&r=g\",\"caption\":\"jokommunikation_agency\"}}]}<\/script>\n<!-- \/ Yoast SEO plugin. -->","yoast_head_json":{"title":"Vilkas keskustelu uudesta yhteisty\u00f6muodosta heti ensimm\u00e4isen\u00e4 p\u00e4iv\u00e4n\u00e4 - Kvarkenr\u00e5det","robots":{"index":"index","follow":"follow","max-snippet":"max-snippet:-1","max-image-preview":"max-image-preview:large","max-video-preview":"max-video-preview:-1"},"canonical":"https:\/\/www.kvarken.org\/fi\/vilkas-keskustelu-uudesta-yhteistyomuodosta-heti-ensimmaisena-paivana\/","og_locale":"fi_FI","og_type":"article","og_title":"Vilkas keskustelu uudesta yhteisty\u00f6muodosta heti ensimm\u00e4isen\u00e4 p\u00e4iv\u00e4n\u00e4 - Kvarkenr\u00e5det","og_description":"Nordligt Forumin ensimm\u00e4inen ty\u00f6pajap\u00e4iv\u00e4 on takana. Keskustelu E12-v\u00e4yl\u00e4n varrella vaikuttavien suomalaisten, ruotsalaisten ja norjalaisten politikoiden, virkamiesten ja asiantuntijoiden kesken oli vilkasta.","og_url":"https:\/\/www.kvarken.org\/fi\/vilkas-keskustelu-uudesta-yhteistyomuodosta-heti-ensimmaisena-paivana\/","og_site_name":"Kvarkenr\u00e5det","article_published_time":"2017-10-25T13:09:02+00:00","article_modified_time":"2021-03-11T13:15:29+00:00","og_image":[{"width":590,"height":393,"url":"https:\/\/www.kvarken.org\/wp-content\/uploads\/2017\/10\/resizedimage590393-Nordligt-Forum-25.10.2017.jpg","type":"image\/jpeg"}],"author":"jokommunikation_agency","twitter_card":"summary_large_image","twitter_misc":{"Kirjoittanut":"jokommunikation_agency","Arvioitu lukuaika":"2 minuuttia"},"schema":{"@context":"https:\/\/schema.org","@graph":[{"@type":"Article","@id":"https:\/\/www.kvarken.org\/fi\/vilkas-keskustelu-uudesta-yhteistyomuodosta-heti-ensimmaisena-paivana\/#article","isPartOf":{"@id":"https:\/\/www.kvarken.org\/fi\/vilkas-keskustelu-uudesta-yhteistyomuodosta-heti-ensimmaisena-paivana\/"},"author":{"name":"jokommunikation_agency","@id":"https:\/\/www.kvarken.org\/fi\/#\/schema\/person\/c0191caa861afff47bc50292a6905da2"},"headline":"Vilkas keskustelu uudesta yhteisty\u00f6muodosta heti ensimm\u00e4isen\u00e4 p\u00e4iv\u00e4n\u00e4","datePublished":"2017-10-25T13:09:02+00:00","dateModified":"2021-03-11T13:15:29+00:00","mainEntityOfPage":{"@id":"https:\/\/www.kvarken.org\/fi\/vilkas-keskustelu-uudesta-yhteistyomuodosta-heti-ensimmaisena-paivana\/"},"wordCount":403,"commentCount":0,"image":{"@id":"https:\/\/www.kvarken.org\/fi\/vilkas-keskustelu-uudesta-yhteistyomuodosta-heti-ensimmaisena-paivana\/#primaryimage"},"thumbnailUrl":"https:\/\/www.kvarken.org\/wp-content\/uploads\/2017\/10\/resizedimage590393-Nordligt-Forum-25.10.2017.jpg","articleSection":["Lehdist\u00f6tiedote","Uncategorized @fi"],"inLanguage":"fi","potentialAction":[{"@type":"CommentAction","name":"Comment","target":["https:\/\/www.kvarken.org\/fi\/vilkas-keskustelu-uudesta-yhteistyomuodosta-heti-ensimmaisena-paivana\/#respond"]}]},{"@type":"WebPage","@id":"https:\/\/www.kvarken.org\/fi\/vilkas-keskustelu-uudesta-yhteistyomuodosta-heti-ensimmaisena-paivana\/","url":"https:\/\/www.kvarken.org\/fi\/vilkas-keskustelu-uudesta-yhteistyomuodosta-heti-ensimmaisena-paivana\/","name":"Vilkas keskustelu uudesta yhteisty\u00f6muodosta heti ensimm\u00e4isen\u00e4 p\u00e4iv\u00e4n\u00e4 - Kvarkenr\u00e5det","isPartOf":{"@id":"https:\/\/www.kvarken.org\/fi\/#website"},"primaryImageOfPage":{"@id":"https:\/\/www.kvarken.org\/fi\/vilkas-keskustelu-uudesta-yhteistyomuodosta-heti-ensimmaisena-paivana\/#primaryimage"},"image":{"@id":"https:\/\/www.kvarken.org\/fi\/vilkas-keskustelu-uudesta-yhteistyomuodosta-heti-ensimmaisena-paivana\/#primaryimage"},"thumbnailUrl":"https:\/\/www.kvarken.org\/wp-content\/uploads\/2017\/10\/resizedimage590393-Nordligt-Forum-25.10.2017.jpg","datePublished":"2017-10-25T13:09:02+00:00","dateModified":"2021-03-11T13:15:29+00:00","author":{"@id":"https:\/\/www.kvarken.org\/fi\/#\/schema\/person\/c0191caa861afff47bc50292a6905da2"},"breadcrumb":{"@id":"https:\/\/www.kvarken.org\/fi\/vilkas-keskustelu-uudesta-yhteistyomuodosta-heti-ensimmaisena-paivana\/#breadcrumb"},"inLanguage":"fi","potentialAction":[{"@type":"ReadAction","target":["https:\/\/www.kvarken.org\/fi\/vilkas-keskustelu-uudesta-yhteistyomuodosta-heti-ensimmaisena-paivana\/"]}]},{"@type":"ImageObject","inLanguage":"fi","@id":"https:\/\/www.kvarken.org\/fi\/vilkas-keskustelu-uudesta-yhteistyomuodosta-heti-ensimmaisena-paivana\/#primaryimage","url":"https:\/\/www.kvarken.org\/wp-content\/uploads\/2017\/10\/resizedimage590393-Nordligt-Forum-25.10.2017.jpg","contentUrl":"https:\/\/www.kvarken.org\/wp-content\/uploads\/2017\/10\/resizedimage590393-Nordligt-Forum-25.10.2017.jpg","width":590,"height":393},{"@type":"BreadcrumbList","@id":"https:\/\/www.kvarken.org\/fi\/vilkas-keskustelu-uudesta-yhteistyomuodosta-heti-ensimmaisena-paivana\/#breadcrumb","itemListElement":[{"@type":"ListItem","position":1,"name":"Hem","item":"https:\/\/www.kvarken.org\/fi\/"},{"@type":"ListItem","position":2,"name":"Vilkas keskustelu uudesta yhteisty\u00f6muodosta heti ensimm\u00e4isen\u00e4 p\u00e4iv\u00e4n\u00e4"}]},{"@type":"WebSite","@id":"https:\/\/www.kvarken.org\/fi\/#website","url":"https:\/\/www.kvarken.org\/fi\/","name":"Kvarkenr\u00e5det","description":"","potentialAction":[{"@type":"SearchAction","target":{"@type":"EntryPoint","urlTemplate":"https:\/\/www.kvarken.org\/fi\/?s={search_term_string}"},"query-input":{"@type":"PropertyValueSpecification","valueRequired":true,"valueName":"search_term_string"}}],"inLanguage":"fi"},{"@type":"Person","@id":"https:\/\/www.kvarken.org\/fi\/#\/schema\/person\/c0191caa861afff47bc50292a6905da2","name":"jokommunikation_agency","image":{"@type":"ImageObject","inLanguage":"fi","@id":"https:\/\/secure.gravatar.com\/avatar\/747179557db7fa831269f4829d55b0109a7684b8dd784a3f8f606bce8610f828?s=96&d=mm&r=g","url":"https:\/\/secure.gravatar.com\/avatar\/747179557db7fa831269f4829d55b0109a7684b8dd784a3f8f606bce8610f828?s=96&d=mm&r=g","contentUrl":"https:\/\/secure.gravatar.com\/avatar\/747179557db7fa831269f4829d55b0109a7684b8dd784a3f8f606bce8610f828?s=96&d=mm&r=g","caption":"jokommunikation_agency"}}]}},"_links":{"self":[{"href":"https:\/\/www.kvarken.org\/fi\/wp-json\/wp\/v2\/posts\/9452","targetHints":{"allow":["GET"]}}],"collection":[{"href":"https:\/\/www.kvarken.org\/fi\/wp-json\/wp\/v2\/posts"}],"about":[{"href":"https:\/\/www.kvarken.org\/fi\/wp-json\/wp\/v2\/types\/post"}],"author":[{"embeddable":true,"href":"https:\/\/www.kvarken.org\/fi\/wp-json\/wp\/v2\/users\/2"}],"replies":[{"embeddable":true,"href":"https:\/\/www.kvarken.org\/fi\/wp-json\/wp\/v2\/comments?post=9452"}],"version-history":[{"count":0,"href":"https:\/\/www.kvarken.org\/fi\/wp-json\/wp\/v2\/posts\/9452\/revisions"}],"wp:featuredmedia":[{"embeddable":true,"href":"https:\/\/www.kvarken.org\/fi\/wp-json\/wp\/v2\/media\/9455"}],"wp:attachment":[{"href":"https:\/\/www.kvarken.org\/fi\/wp-json\/wp\/v2\/media?parent=9452"}],"wp:term":[{"taxonomy":"category","embeddable":true,"href":"https:\/\/www.kvarken.org\/fi\/wp-json\/wp\/v2\/categories?post=9452"},{"taxonomy":"post_tag","embeddable":true,"href":"https:\/\/www.kvarken.org\/fi\/wp-json\/wp\/v2\/tags?post=9452"},{"taxonomy":"amnen","embeddable":true,"href":"https:\/\/www.kvarken.org\/fi\/wp-json\/wp\/v2\/amnen?post=9452"}],"curies":[{"name":"wp","href":"https:\/\/api.w.org\/{rel}","templated":true}]}}